{"id":12691,"date":"2026-03-26T07:30:27","date_gmt":"2026-03-26T06:30:27","guid":{"rendered":"https:\/\/gilbertbrands.de\/blog\/?p=12691"},"modified":"2026-03-26T07:30:27","modified_gmt":"2026-03-26T06:30:27","slug":"nachtrag-zu-berlin-neukoelln","status":"publish","type":"post","link":"https:\/\/gilbertbrands.de\/blog\/2026\/03\/26\/nachtrag-zu-berlin-neukoelln\/","title":{"rendered":"Nachtrag zu Berlin-Neuk\u00f6lln"},"content":{"rendered":"\n<p>Ich erinnere an den Beitrag<\/p>\n\n\n\n<figure class=\"wp-block-embed is-type-wp-embed is-provider-gemeinheiten-amp-beobachtungen wp-block-embed-gemeinheiten-amp-beobachtungen\"><div class=\"wp-block-embed__wrapper\">\n<blockquote class=\"wp-embedded-content\" data-secret=\"roDZKqvp8M\"><a href=\"https:\/\/gilbertbrands.de\/blog\/2026\/03\/14\/juristisch-eindeutig\/\">Juristisch eindeutig<\/a><\/blockquote><iframe loading=\"lazy\" class=\"wp-embedded-content\" sandbox=\"allow-scripts\" security=\"restricted\" style=\"position: absolute; visibility: hidden;\" title=\"&#8222;Juristisch eindeutig&#8220; &#8211; Gemeinheiten &amp; Beobachtungen\" src=\"https:\/\/gilbertbrands.de\/blog\/2026\/03\/14\/juristisch-eindeutig\/embed\/#?secret=WJuS8RWL3l#?secret=roDZKqvp8M\" data-secret=\"roDZKqvp8M\" width=\"600\" height=\"338\" frameborder=\"0\" marginwidth=\"0\" marginheight=\"0\" scrolling=\"no\"><\/iframe>\n<\/div><\/figure>\n\n\n\n<!--more-->\n\n\n\n<p>Verantwortlich f\u00fcr den gesamten Vorfall (alle Mitarbeiter standen unter ihrer Leitung):  eine gewisse Jugendstadtr\u00e4tin Sarah Nagel (Die LINKE). Fest steht: sie wusste von den Vorf\u00e4llen und tat 3 Wochen lang &#8230; NICHTS. Weil die Vergewaltiger ohnehin schon &#8222;im Visier der Polizei&#8220; w\u00e4ren. Also wenn Kriminelle auf frischer Tat ertappt werden, verschweigt man das erst einmal.<\/p>\n\n\n\n<p>Passiert jetzt was? Vermutlich erst mal nichts. Die Staatsanwaltschaft ermittelt zwar, aber es ist ja hinl\u00e4nglich bekannt, dass ein Anruf gen\u00fcgt, um die Stasianw\u00e4lte wieder in den Tiefschlaf zu versetzen. Und was passiert mit der Hauptverantwortlichen, einer gewissen Jugendstadtr\u00e4tin Sarah Nagel (Die LINKE)? Sie tritt nicht etwa zur\u00fcck. Nein, wo k\u00e4men wir denn da hin, wenn politische Straft\u00e4ter mal von sich aus die Konsequenzen ziehen w\u00fcrden? Es gibt lediglich einen &#8222;Antrag auf Abwahl&#8220;, der aber erst in einigen Wochen zur Abstimmung kommt und mit einiger Wahrscheinlichkeit nicht durchgeht, da zwei andere Fraktionen zustimmen m\u00fcssen. Was den gesamten Berliner Senat zu einer Vergewaltigung unterst\u00fctzenden kriminellen Organisation machen w\u00fcrde.<\/p>\n\n\n\n<p class=\"has-text-align-center has-medium-font-size\"><strong>Was dieses Land braucht, sind zwingende strafrechtliche Konsequenzen f\u00fcr Politiker bei derartigen vors\u00e4tzlichen Amtsvergehen<\/strong>!!!!<\/p>\n\n\n\n<p><\/p>\n","protected":false},"excerpt":{"rendered":"<p>Ich erinnere an den Beitrag Download Artikel als PDF<\/p>\n","protected":false},"author":1,"featured_media":0,"comment_status":"closed","ping_status":"closed","sticky":false,"template":"","format":"standard","meta":{"footnotes":""},"categories":[1],"tags":[],"class_list":["post-12691","post","type-post","status-publish","format-standard","hentry","category-allgemein"],"post_mailing_queue_ids":[],"_links":{"self":[{"href":"https:\/\/gilbertbrands.de\/blog\/wp-json\/wp\/v2\/posts\/12691","targetHints":{"allow":["GET"]}}],"collection":[{"href":"https:\/\/gilbertbrands.de\/blog\/wp-json\/wp\/v2\/posts"}],"about":[{"href":"https:\/\/gilbertbrands.de\/blog\/wp-json\/wp\/v2\/types\/post"}],"author":[{"embeddable":true,"href":"https:\/\/gilbertbrands.de\/blog\/wp-json\/wp\/v2\/users\/1"}],"replies":[{"embeddable":true,"href":"https:\/\/gilbertbrands.de\/blog\/wp-json\/wp\/v2\/comments?post=12691"}],"version-history":[{"count":1,"href":"https:\/\/gilbertbrands.de\/blog\/wp-json\/wp\/v2\/posts\/12691\/revisions"}],"predecessor-version":[{"id":12692,"href":"https:\/\/gilbertbrands.de\/blog\/wp-json\/wp\/v2\/posts\/12691\/revisions\/12692"}],"wp:attachment":[{"href":"https:\/\/gilbertbrands.de\/blog\/wp-json\/wp\/v2\/media?parent=12691"}],"wp:term":[{"taxonomy":"category","embeddable":true,"href":"https:\/\/gilbertbrands.de\/blog\/wp-json\/wp\/v2\/categories?post=12691"},{"taxonomy":"post_tag","embeddable":true,"href":"https:\/\/gilbertbrands.de\/blog\/wp-json\/wp\/v2\/tags?post=12691"}],"curies":[{"name":"wp","href":"https:\/\/api.w.org\/{rel}","templated":true}]}}