{"id":1266,"date":"2018-01-17T14:11:20","date_gmt":"2018-01-17T13:11:20","guid":{"rendered":"http:\/\/gilbertbrands.de\/blog\/?p=1266"},"modified":"2018-01-17T14:11:20","modified_gmt":"2018-01-17T13:11:20","slug":"allgemeiner-behoerdenschwachsinn","status":"publish","type":"post","link":"https:\/\/gilbertbrands.de\/blog\/2018\/01\/17\/allgemeiner-behoerdenschwachsinn\/","title":{"rendered":"Allgemeiner Beh\u00f6rdenschwachsinn"},"content":{"rendered":"<p>Ich bin im richtigen Alter, um eine Rente zu beantragen, und das habe ich auch gemacht. Als pensionierter Beamter<!--more--> habe ich nat\u00fcrlich bereits eine ordentliche Versorgung im Krankheitsfall, und die Bescheinung der Pensionsstelle habe ich der Rentenanstalt nat\u00fcrlich genauso zugesandt wie die Mitglieds-Best\u00e4tigung meiner Krankenversicherung. Eigentlich sollte die Sache damit klar sein.<\/p>\n<p>Weit gefehlt! Mitarbeiter der Rentenversicherung sind offenbar verwaltungstechnisch nicht in der Lage, dies zur Kenntnis zu nehmen. Also hat man mir weitere 7 Seiten Formulare zugesandt, mit denen ich einen Antrag auf Krankenversicherung der Rentner, einzureichen bei meiner gesetzlichen Krankenkasse, stellen muss. Das Problem f\u00e4ngt der &#8222;meiner gesetzlichen Krankenkasse&#8220;, denn ich bin seit Anfang der 1980er Jahre privat krankenversichert. Offenbar haben die Verwaltungsspezialisten von solchen F\u00e4llen schon mal geh\u00f6rt, denn wenn man \u00fcber keine &#8222;meine gesetzliche Krankenkasse&#8220; verf\u00fcgt, darf man sich eine aussuchen, d.h. erst mal w\u00fcrfeln, ob man AOK, BEK, IKK oder was auch immer anschreiben will, und dann darf man auch noch w\u00fcrfen, wohin man das schickt, z.B. Emden, Bautzen, Rostock oder Freiburg, um mal ein paar Extreme zu nennen. Danach geht das ganze (hoffentlich) seinen weiteren Gang, denn angeblich sind nur Mitarbeiter der gesetzlichen Kassen in der Lage, zu erkennen, dass ich keinen Anspruch auf Krankenversicherung der Rentner habe, da ich ja Pension bekomme und in einer PKV bin. Wenn die das den Mitarbeitern der Rentenversicherung mitteilen, wissen die das dann endlich auch. Aber vermutlich bekomme ich bis dahin noch mindestens 3 weitere Schreiben mit umfangreichen Frageb\u00f6gen zur Nachbesserung.<\/p>\n<p>Wenn ich das mal extrapolieren, ist Einwanderung das Letzte, was wir hier brauchen, um alle Jobs zu besetzen. Wenn solcher Beh\u00f6rdenschwachsinn eingestellt wird, h\u00e4tten wir vermutlich auf einen Schlag 5-6 Millionen zus\u00e4tzliche Arbeitslose, die derzeit ihren Tag mit solchem Bullshit vertr\u00f6deln.<\/p>\n","protected":false},"excerpt":{"rendered":"<p>Ich bin im richtigen Alter, um eine Rente zu beantragen, und das habe ich auch gemacht. Als pensionierter Beamter Download Artikel als PDF<\/p>\n","protected":false},"author":1,"featured_media":0,"comment_status":"open","ping_status":"open","sticky":false,"template":"","format":"standard","meta":{"footnotes":""},"categories":[12],"tags":[],"class_list":["post-1266","post","type-post","status-publish","format-standard","hentry","category-gesellschaft"],"post_mailing_queue_ids":[],"_links":{"self":[{"href":"https:\/\/gilbertbrands.de\/blog\/wp-json\/wp\/v2\/posts\/1266","targetHints":{"allow":["GET"]}}],"collection":[{"href":"https:\/\/gilbertbrands.de\/blog\/wp-json\/wp\/v2\/posts"}],"about":[{"href":"https:\/\/gilbertbrands.de\/blog\/wp-json\/wp\/v2\/types\/post"}],"author":[{"embeddable":true,"href":"https:\/\/gilbertbrands.de\/blog\/wp-json\/wp\/v2\/users\/1"}],"replies":[{"embeddable":true,"href":"https:\/\/gilbertbrands.de\/blog\/wp-json\/wp\/v2\/comments?post=1266"}],"version-history":[{"count":1,"href":"https:\/\/gilbertbrands.de\/blog\/wp-json\/wp\/v2\/posts\/1266\/revisions"}],"predecessor-version":[{"id":1267,"href":"https:\/\/gilbertbrands.de\/blog\/wp-json\/wp\/v2\/posts\/1266\/revisions\/1267"}],"wp:attachment":[{"href":"https:\/\/gilbertbrands.de\/blog\/wp-json\/wp\/v2\/media?parent=1266"}],"wp:term":[{"taxonomy":"category","embeddable":true,"href":"https:\/\/gilbertbrands.de\/blog\/wp-json\/wp\/v2\/categories?post=1266"},{"taxonomy":"post_tag","embeddable":true,"href":"https:\/\/gilbertbrands.de\/blog\/wp-json\/wp\/v2\/tags?post=1266"}],"curies":[{"name":"wp","href":"https:\/\/api.w.org\/{rel}","templated":true}]}}