{"id":12421,"date":"2025-12-18T08:20:56","date_gmt":"2025-12-18T07:20:56","guid":{"rendered":"https:\/\/gilbertbrands.de\/blog\/?p=12421"},"modified":"2025-12-18T08:20:57","modified_gmt":"2025-12-18T07:20:57","slug":"an-friedrich-d-agr","status":"publish","type":"post","link":"https:\/\/gilbertbrands.de\/blog\/2025\/12\/18\/an-friedrich-d-agr\/","title":{"rendered":"An Friedrich, d.Agr"},"content":{"rendered":"\n<p>Ja, ich habe nachgeschaut. Sie sind tats\u00e4chlich der allergr\u00f6\u00dfte Friedrich, der mal hier was zu sagen hatte. Am n\u00e4chsten kommt Ihnen allenfalls <a href=\"https:\/\/de.wikipedia.org\/wiki\/Friedrich_III._(Deutsches_Reich)\">Kaiser Friedrich III.<\/a>, aber selbst der war ein paar Zentimeter kleiner (sah aber meiner Ansicht nach deutlich besser aus). Die gekr\u00f6nten H\u00e4upter hatten ja auch oft Beinamen: Friedrich Barbarossa, Philipp d. Sch\u00f6ne, Suleyman d. Pr\u00e4chtige, Ludwig d. Fromme, Karl d. Einf\u00e4ltige, Ludwig II. d. Stammler oder Karl d. Dicke, um mal ein paar zu nennen. Welchen Beinamen man Ihnen in den Geschichstb\u00fcchern geben wird, dar\u00fcber spekuliere ich lieber nicht. <\/p>\n\n\n\n<!--more-->\n\n\n\n<p>Mal musikalisch aufgemischt, was Sie hier lostreten. Das sind wir:<\/p>\n\n\n\n<figure class=\"wp-block-embed is-type-video is-provider-youtube wp-block-embed-youtube wp-embed-aspect-16-9 wp-has-aspect-ratio\"><div class=\"wp-block-embed__wrapper\">\n<iframe loading=\"lazy\" title=\"Deutsche Nationalhymne mit Gesang und Text\" width=\"604\" height=\"340\" src=\"https:\/\/www.youtube.com\/embed\/_LNYMKgC7AE?feature=oembed\" frameborder=\"0\" allow=\"accelerometer; autoplay; clipboard-write; encrypted-media; gyroscope; picture-in-picture; web-share\" referrerpolicy=\"strict-origin-when-cross-origin\" allowfullscreen><\/iframe>\n<\/div><\/figure>\n\n\n\n<p>Irgendwie ein wenig armselig, zumindest anscheinend aus der Sicht der meisten deutschen Politiker. Die singen nicht nur nicht mit, sondern man kann nach eigenen Aussagen der Gr\u00fcnen zum Beispiel schon froh sein, dass sie nicht kotzen. Ist aber auch ein wenig besch\u00e4mend: von den \u00d6sterreichern geklaut (&#8222;Gott erhalte Franz den Kaiser&#8220;) und dann darf man auch nur die dritte Strophe singen.<\/p>\n\n\n\n<p>Und dann wollen Sie dieses doch anscheinend musikalisch etwas armselig aufgestellte Land gegen dieses hier in den Krieg hetzen?<\/p>\n\n\n\n<figure class=\"wp-block-embed is-type-video is-provider-youtube wp-block-embed-youtube wp-embed-aspect-16-9 wp-has-aspect-ratio\"><div class=\"wp-block-embed__wrapper\">\n<iframe loading=\"lazy\" title=\"The very best version of Russian anthem (Bolshoi junior choir)\" width=\"604\" height=\"340\" src=\"https:\/\/www.youtube.com\/embed\/VJcnuZB4Xt4?feature=oembed\" frameborder=\"0\" allow=\"accelerometer; autoplay; clipboard-write; encrypted-media; gyroscope; picture-in-picture; web-share\" referrerpolicy=\"strict-origin-when-cross-origin\" allowfullscreen><\/iframe>\n<\/div><\/figure>\n\n\n\n<p>Da k\u00f6nnen vom Pathos her allenfalls die hier mithalten, aber auch die haben 1812 m\u00e4chtig was auf die Fresse gekriegt:<\/p>\n\n\n\n<figure class=\"wp-block-embed is-type-video is-provider-youtube wp-block-embed-youtube wp-embed-aspect-4-3 wp-has-aspect-ratio\"><div class=\"wp-block-embed__wrapper\">\n<iframe loading=\"lazy\" title=\"La Marseillaise,  Mireille Mathieu\" width=\"604\" height=\"453\" src=\"https:\/\/www.youtube.com\/embed\/JeogNeB0kzU?feature=oembed\" frameborder=\"0\" allow=\"accelerometer; autoplay; clipboard-write; encrypted-media; gyroscope; picture-in-picture; web-share\" referrerpolicy=\"strict-origin-when-cross-origin\" allowfullscreen><\/iframe>\n<\/div><\/figure>\n\n\n\n<p>Was Sie und Ihresgleichen hier veranstalten, kann man etwa so zusammenfassen:<\/p>\n\n\n\n<h3 class=\"wp-block-heading\">1. Die Entm\u00fcndigung: Vom &#8222;Vaterland&#8220; zum &#8222;Rechtsextremisten&#8220;<\/h3>\n\n\n\n<p>Sie betreiben einen gesellschaftlichen Prozess, den Sozialwissenschaftler als <strong>\u201eLiquidierung der substantiellen Identit\u00e4ten\u201c<\/strong> beschreiben w\u00fcrden.<\/p>\n\n\n\n<ul class=\"wp-block-list\">\n<li><strong>Die Strategie:<\/strong> Alles, was eine konkrete, gewachsene, nationale oder kulturelle Identit\u00e4t stiftet (\u201eVaterland\u201c, deutsche Traditionen), wird unter <strong>Generalverdacht<\/strong> gestellt \u2013 als r\u00fcckw\u00e4rtsgewandt, ausgrenzend, potentiell \u201enazistisch\u201c. Das erzeugt eine <strong>Atmosph\u00e4re der Angst vor dem Falsch-Sagen<\/strong>, der Selbstzensur.<\/li>\n\n\n\n<li><strong>Das Ziel:<\/strong> Der B\u00fcrger soll von seinen traditionellen Bindungen (Nation, Heimat, vielleicht auch Familie) \u201ebefreit\u201c und zu einem <strong>atomisierten, konsumierenden, politisch korrekten Einzelwesen<\/strong> gemacht werden, das keine widerst\u00e4ndige kollektive Kraft mehr bilden kann. \u201eMulti-Kulti und bunt\u201c ist dann keine freiheitliche Vision, sondern das <strong>Dekor f\u00fcr eine entwurzelte, leicht regierbare Masse<\/strong>.<\/li>\n\n\n\n<li><strong>Der innere Widerspruch:<\/strong> Gleichzeitig wird dieser entm\u00fcndigte B\u00fcrger mit <strong>moralischen Imperativen<\/strong> \u00fcberh\u00e4uft (Klima, Diversit\u00e4t, Ukraine-Solidarit\u00e4t), die er zu verinnerlichen hat. Sein Widerstand wird nicht politisch, sondern <strong>pathologisiert<\/strong> (\u201eHass\u201c, \u201eFake-News-Gl\u00e4ubiger\u201c).<\/li>\n<\/ul>\n\n\n\n<h3 class=\"wp-block-heading\">2. Die pl\u00f6tzliche Wende: &#8222;Opferbereitschaft f\u00fcr das Vaterland&#8220;<\/h3>\n\n\n\n<p>Und hier kommt der <strong>zynische Dreh<\/strong>, der das Ganze zur Satire macht:<\/p>\n\n\n\n<ul class=\"wp-block-list\">\n<li>Wenn das System in existenzielle Krisen ger\u00e4t (demographischer Kollaps, Migration), braucht es pl\u00f6tzlich wieder genau das, was es zuvor systematisch zerst\u00f6rt hat: <strong>Opferbereitschaft, Solidarit\u00e4t, Patriotismus, Kinder f\u00fcr die Nation<\/strong>.<\/li>\n\n\n\n<li>Dieselben Eliten, die jahrelang jeden Heimatbegriff l\u00e4cherlich gemacht haben, appellieren nun an \u201eunsere Werte\u201c, \u201edie Verteidigung unserer Freiheit\u201c und fordern im Extremfall das <strong>Opfer des Lebens<\/strong>.<\/li>\n\n\n\n<li>F\u00fcr den B\u00fcrger, der diesen jahrelangen Prozess der Entwurzelung durchlitten hat, muss dieser Appell wie der <strong>ultimative Hohn<\/strong> wirken. Man hat ihm die Wurzeln gekappt und verlangt nun, dass er als Baum in den Sturm zieht. Das ist nicht tragisch, das ist <strong>abgrundtief l\u00e4cherlich und verlogen<\/strong>.<\/li>\n<\/ul>\n\n\n\n<h3 class=\"wp-block-heading\">3. Die literarische Dimension: &#8222;Die gr\u00f6\u00dfte Satire der letzten 7000 Jahre&#8220;<\/h3>\n\n\n\n<p>Diese Absurdit\u00e4t \u00fcbertrifft die Phantasie aller Satiriker.<\/p>\n\n\n\n<ul class=\"wp-block-list\">\n<li><strong>Die antike Satire<\/strong> (Ein Aristophanes) verspottete die Torheit der Macht.<\/li>\n\n\n\n<li><strong>Die moderne Satire<\/strong> (Ein Swift, Orwell) warnte vor totalit\u00e4ren Systemen.<\/li>\n\n\n\n<li>Aber das ist kein einfacher Totalitarismus, sondern ein <strong>systematischer Doppelgang<\/strong>, eine Realit\u00e4t, die sich selbst in Echtzeit widerlegt. Ein Staat, der seine eigenen Grundlagen zersetzt und dann, im freien Fall, nach diesen Grundlagen ruft. Das ist eine <strong>Meta-Satire<\/strong>, bei der die Realit\u00e4t die Kunst \u00fcberholt hat, weil die Kunst noch eine Logik braucht \u2013 die Realit\u00e4t hingegen scheint jede Logik fahren zu lassen.<\/li>\n<\/ul>\n\n\n\n<p><\/p>\n","protected":false},"excerpt":{"rendered":"<p>Ja, ich habe nachgeschaut. Sie sind tats\u00e4chlich der allergr\u00f6\u00dfte Friedrich, der mal hier was zu sagen hatte. Am n\u00e4chsten kommt Ihnen allenfalls Kaiser Friedrich III., aber selbst der war ein paar Zentimeter kleiner (sah aber meiner Ansicht nach deutlich besser aus). Die gekr\u00f6nten H\u00e4upter hatten ja auch oft Beinamen: Friedrich Barbarossa, Philipp d. Sch\u00f6ne, Suleyman &hellip; <a href=\"https:\/\/gilbertbrands.de\/blog\/2025\/12\/18\/an-friedrich-d-agr\/\" class=\"more-link\"><span class=\"screen-reader-text\">An Friedrich, d.Agr<\/span> weiterlesen <span class=\"meta-nav\">&rarr;<\/span><\/a><\/p>\n","protected":false},"author":1,"featured_media":0,"comment_status":"closed","ping_status":"closed","sticky":false,"template":"","format":"standard","meta":{"footnotes":""},"categories":[1],"tags":[],"class_list":["post-12421","post","type-post","status-publish","format-standard","hentry","category-allgemein"],"post_mailing_queue_ids":[],"_links":{"self":[{"href":"https:\/\/gilbertbrands.de\/blog\/wp-json\/wp\/v2\/posts\/12421","targetHints":{"allow":["GET"]}}],"collection":[{"href":"https:\/\/gilbertbrands.de\/blog\/wp-json\/wp\/v2\/posts"}],"about":[{"href":"https:\/\/gilbertbrands.de\/blog\/wp-json\/wp\/v2\/types\/post"}],"author":[{"embeddable":true,"href":"https:\/\/gilbertbrands.de\/blog\/wp-json\/wp\/v2\/users\/1"}],"replies":[{"embeddable":true,"href":"https:\/\/gilbertbrands.de\/blog\/wp-json\/wp\/v2\/comments?post=12421"}],"version-history":[{"count":1,"href":"https:\/\/gilbertbrands.de\/blog\/wp-json\/wp\/v2\/posts\/12421\/revisions"}],"predecessor-version":[{"id":12422,"href":"https:\/\/gilbertbrands.de\/blog\/wp-json\/wp\/v2\/posts\/12421\/revisions\/12422"}],"wp:attachment":[{"href":"https:\/\/gilbertbrands.de\/blog\/wp-json\/wp\/v2\/media?parent=12421"}],"wp:term":[{"taxonomy":"category","embeddable":true,"href":"https:\/\/gilbertbrands.de\/blog\/wp-json\/wp\/v2\/categories?post=12421"},{"taxonomy":"post_tag","embeddable":true,"href":"https:\/\/gilbertbrands.de\/blog\/wp-json\/wp\/v2\/tags?post=12421"}],"curies":[{"name":"wp","href":"https:\/\/api.w.org\/{rel}","templated":true}]}}