{"id":12373,"date":"2025-11-29T08:22:57","date_gmt":"2025-11-29T07:22:57","guid":{"rendered":"https:\/\/gilbertbrands.de\/blog\/?p=12373"},"modified":"2025-11-28T09:24:33","modified_gmt":"2025-11-28T08:24:33","slug":"die-poehse-afd","status":"publish","type":"post","link":"https:\/\/gilbertbrands.de\/blog\/2025\/11\/29\/die-poehse-afd\/","title":{"rendered":"Die p\u00f6hse AfD"},"content":{"rendered":"\n<p>Die Anti-AfD-Kampagnen werden von Tag zu Tag heftiger, obwohl die Partei in der Gunst der W\u00e4hler Tag f\u00fcr Tag zulegt. Spitze derzeit der Versuch, eine neue Jugendorganisation ins leben zu rufen. Dazu werden ca. 1.000 Teilnehmer erwartet, aber bis zu 50.000 Gegendemonstranten (nach Ansicht der Beh\u00f6rden zu einem gro\u00dfen Teil gewaltbereit) ind einer Stadt mit ca. 75.000 Einwohnern. Und im Bundestag wird noch \u00d6l ins Feuer gegossen, wenn eine Heidi Reichinek unter Beifall dazu aufruft, sich dem &#8222;aktiven Protest&#8220; anzuschlie\u00dfen.<\/p>\n\n\n\n<!--more-->\n\n\n\n<p>Die AfD ist bekanntlich rechtsextrem, was schon in deren Parteiprogramm zum Ausdruck kommt. Hier eine sinngem\u00e4\u00dfe Zusammenfassung:<\/p>\n\n\n\n<hr class=\"wp-block-separator has-alpha-channel-opacity\"\/>\n\n\n\n<p>Die AfD (Alternative f\u00fcr Deutschland) hat als Kernst\u00fcck ihr Grundsatzprogramm von 2016, das die grundlegenden Positionen der Partei festlegt. Dazu kommen Wahlprogramme, wie das aktuelle Bundestagswahlprogramm 2025 (&#8222;Zeit f\u00fcr Deutschland&#8220;). Viele Kritiken beziehen sich oft auf das Grundsatzprogramm, da es kontroverse Themen wie Einwanderung, EU und Islam anspricht. Ich fasse hier die Hauptpunkte des Grundsatzprogramms zusammen \u2013 strukturiert nach Kapiteln, basierend auf der offiziellen AfD-Website. Es ist ein umfangreiches Dokument (ca. 50 Seiten), das sich auf nationale Souver\u00e4nit\u00e4t, Traditionen und Kritik an der EU konzentriert. F\u00fcr das 2025-Programm gebe ich am Ende eine kurze Erg\u00e4nzung.<\/p>\n\n\n\n<h3 class=\"wp-block-heading\">1. Demokratie und Grundwerte<\/h3>\n\n\n\n<ul class=\"wp-block-list\">\n<li>F\u00f6rderung direkter Demokratie (z. B. Volksabstimmungen nach Schweizer Modell).<\/li>\n\n\n\n<li>Direkte Wahl des Bundespr\u00e4sidenten, freie Listenwahl und Straftatbestand gegen Steuerverschwendung.<\/li>\n<\/ul>\n\n\n\n<h3 class=\"wp-block-heading\">2. Europa und EURO<\/h3>\n\n\n\n<ul class=\"wp-block-list\">\n<li>Ablehnung einer zentralistischen EU; R\u00fcckgabe von Kompetenzen an Nationalstaaten.<\/li>\n\n\n\n<li>Geordnetes Ende des Euros; Ablehnung der Bankenunion; Ausgleich von Target-2-Salden.<\/li>\n<\/ul>\n\n\n\n<h3 class=\"wp-block-heading\">3. Innere Sicherheit und Justiz<\/h3>\n\n\n\n<ul class=\"wp-block-list\">\n<li>St\u00e4rkung von Polizei und Justiz; Senkung des Strafm\u00fcndigkeitsalters auf 12 Jahre.<\/li>\n\n\n\n<li>H\u00e4rtere Strafen f\u00fcr Angriffe auf Amtstr\u00e4ger; Opferschutz; Abschiebung ausl\u00e4ndischer Straft\u00e4ter.<\/li>\n\n\n\n<li>Aufbau eines deutschen Grenzschutzes.<\/li>\n<\/ul>\n\n\n\n<h3 class=\"wp-block-heading\">4. Au\u00dfen- und Sicherheitspolitik<\/h3>\n\n\n\n<ul class=\"wp-block-list\">\n<li>Keine Einmischung in andere Staaten; UN-Sicherheitsratsitz f\u00fcr Deutschland.<\/li>\n\n\n\n<li>NATO nur als Verteidigungsb\u00fcndnis; Wiedereinf\u00fchrung der Wehrpflicht; Besserung der Russland-Beziehungen.<\/li>\n\n\n\n<li>Entwicklungshilfe als Hilfe zur Selbsthilfe.<\/li>\n<\/ul>\n\n\n\n<h3 class=\"wp-block-heading\">5. Arbeitsmarkt und Sozialpolitik<\/h3>\n\n\n\n<ul class=\"wp-block-list\">\n<li>Aufl\u00f6sung der Bundesagentur f\u00fcr Arbeit; Beibehaltung des Mindestlohns.<\/li>\n\n\n\n<li>Aktivierende Grundsicherung als Hartz-IV-Alternative; Ber\u00fccksichtigung von Kindererziehung in Rente.<\/li>\n<\/ul>\n\n\n\n<h3 class=\"wp-block-heading\">6. Familien und Kinder<\/h3>\n\n\n\n<ul class=\"wp-block-list\">\n<li>Schutz der traditionellen Familie; F\u00f6rderung h\u00f6herer Geburtenraten (z. B. zinslose Darlehen).<\/li>\n\n\n\n<li>Stopp der Diskriminierung von Vollzeitm\u00fcttern; Unterst\u00fctzung f\u00fcr Schwangere; Gegen Abtreibungsf\u00f6rderung.<\/li>\n<\/ul>\n\n\n\n<h3 class=\"wp-block-heading\">7. Kultur, Sprache und Identit\u00e4t<\/h3>\n\n\n\n<ul class=\"wp-block-list\">\n<li>Deutsche Leitkultur statt Multikulti; Islam geh\u00f6rt nicht zu Deutschland (Verbote f\u00fcr Vollverschleierung, ungenehmigte Imame).<\/li>\n\n\n\n<li>Deutsche Sprache als Staatssprache; Abschaffung des Rundfunkbeitrags.<\/li>\n<\/ul>\n\n\n\n<h3 class=\"wp-block-heading\">8. Schule, Hochschule und Forschung<\/h3>\n\n\n\n<ul class=\"wp-block-list\">\n<li>Differenziertes Schulsystem; Ablehnung von Gender-Mainstreaming und Bologna-Prozess.<\/li>\n\n\n\n<li>Freiheit in Forschung; Fokus auf Leistung und Disziplin.<\/li>\n<\/ul>\n\n\n\n<h3 class=\"wp-block-heading\">9. Einwanderung, Integration und Asyl<\/h3>\n\n\n\n<ul class=\"wp-block-list\">\n<li>Schlie\u00dfung EU-Au\u00dfengrenzen; Asylzentren in Herkunftsl\u00e4ndern; Strenge Abschiebung.<\/li>\n\n\n\n<li>Keine Einwanderung in Sozialsysteme; Integrationspflicht; Ablehnung von Doppelpass.<\/li>\n<\/ul>\n\n\n\n<h3 class=\"wp-block-heading\">10. Wirtschaft, digitale Welt und Verbraucherschutz<\/h3>\n\n\n\n<ul class=\"wp-block-list\">\n<li>Freie Marktwirtschaft; Abbau von B\u00fcrokratie; Ablehnung von TTIP\/CETA.<\/li>\n\n\n\n<li>Recht auf Bargeld und Verschl\u00fcsselung; Langlebige Produkte.<\/li>\n<\/ul>\n\n\n\n<h3 class=\"wp-block-heading\">11. Finanzen und Steuern<\/h3>\n\n\n\n<ul class=\"wp-block-list\">\n<li>Einfacheres Steuersystem mit niedrigen S\u00e4tzen; AfD-Stufentarif; Steuerbremse im Grundgesetz.<\/li>\n\n\n\n<li>Tilgung von Staatsschulden; Goldlagerung in Deutschland.<\/li>\n<\/ul>\n\n\n\n<h3 class=\"wp-block-heading\">12. Energiepolitik<\/h3>\n\n\n\n<ul class=\"wp-block-list\">\n<li>Beenden der &#8222;Klimaschutz&#8220;-Politik; Laufzeitverl\u00e4ngerung f\u00fcr Kernkraftwerke.<\/li>\n\n\n\n<li>Abschaffung des EEG; Keine Subventionen f\u00fcr Erneuerbare.<\/li>\n<\/ul>\n\n\n\n<h3 class=\"wp-block-heading\">13. Natur- und Umwelt, Land- und Forstwirtschaft<\/h3>\n\n\n\n<ul class=\"wp-block-list\">\n<li>Erhalt der Natur; Stopp unkontrollierten Windausbaus.<\/li>\n\n\n\n<li>Konsequenter Tierschutz; Regulierter Gentechnik-Einsatz; Weniger Subventionen.<\/li>\n<\/ul>\n\n\n\n<h3 class=\"wp-block-heading\">14. Infrastruktur, Wohnen und Verkehr<\/h3>\n\n\n\n<ul class=\"wp-block-list\">\n<li>B\u00fcrgerentscheide bei Privatisierungen; Werterhalt von Netzen.<\/li>\n\n\n\n<li>Mehr Wohneigentum; St\u00e4rkung l\u00e4ndlicher R\u00e4ume.<\/li>\n<\/ul>\n\n\n\n<p>Das Programm betont nationale Identit\u00e4t, Kritik an Globalisierung und Forderungen nach mehr Direktdemokratie, was oft als populistisch oder rechtspopulistisch kritisiert wird. Es gibt auch kontroverse Passagen, z. B. zur Islam-Kritik oder Einwanderung, die vom Verfassungsschutz beobachtet werden.<\/p>\n\n\n\n<p><strong>Zum 2025-Wahlprogramm (kurze Erg\u00e4nzung):<\/strong> Es baut darauf auf, mit Fokus auf &#8222;Wohlstand&#8220; (z. B. Senkung von Steuern\/Abgaben, Ausstieg aus Euro, Bitcoin-F\u00f6rderung), Migrationsstopp (Remigration, Grenzsicherung), Energie (Wiedereinstieg in Kernkraft, Ablehnung Green Deal) und Familie (Geburtenf\u00f6rderung, Schutz vor &#8222;Genderideologie&#8220;). Es ist praxisn\u00e4her und wahlk\u00e4mpferisch, z. B. mit Forderungen nach Wehrpflicht-Wiederkehr und EU-Reform zu einem &#8222;Bund der Nationen&#8220;.<\/p>\n\n\n\n<hr class=\"wp-block-separator has-alpha-channel-opacity\"\/>\n\n\n\n<p>Alles zutiefst rechtsextremistisches und demokratiefeindliches Gedankengut, das allerdings in Parteiprogrammen anderer Parteien ebenfalls zumindest teilweise vorkommt. Alles diskriminiert Ausl\u00e4nder, selbst nach Ansicht von Gerichten. Letztlich werden aber aus der linken Abwehrhaltung  diejenigen massiv diskriminiert, &#8222;die schon l\u00e4nger hier wohnen&#8220;, und das ist der Punkt, an dem die ganze Debatte f\u00fcr Millionen Menschen kippt.<\/p>\n\n\n\n<p>Ja, es gibt immer Ausrei\u00dfer in den Parteien, die argumentativ \u00fcberziehen, in der Afd, aber auch in anderen Parteien.  Hofreiter hat 2022 gesagt, Russland m\u00fcsse \u201emilit\u00e4risch ruiniert\u201c werden (was in der Tonlage ziemlich nah an Vernichtungsrhetorik war). Es gibt Gr\u00fcne, die fr\u00fcher \u201eNie wieder Deutschland\u201c skandiert haben, und Linke, die bei \u201eACAB\u201c und \u201eDeutschland verrecke\u201c mitmarschieren. Es gibt auch SPD-Politiker, die offene Grenzen f\u00fcr alle fordern, obwohl sie wissen, dass das System \u00fcberfordert ist.<\/p>\n\n\n\n<p>Aber: Diese Leute werden <strong>nie<\/strong> kollektiv f\u00fcr ihre Partei haftbar gemacht. Die Gr\u00fcnen werden nicht als \u201egesichert deutschlandfeindlich\u201c beobachtet, nur weil ein paar Funktion\u00e4re fr\u00fcher Deutschlandfahnen verbrannt oder \u201eBomber Harris do it again\u201c gerufen haben. Die Linke wird nicht verboten, obwohl Teile ihrer Jugendorganisation offen revolution\u00e4r-kommunistisch und gewaltbereit sind.<\/p>\n\n\n\n<p>Bei der AfD ist es genau umgekehrt: Ein Kreisverband in Sachsen-Anhalt l\u00e4dt einen Identit\u00e4ren ein \u2192 der ganze Landesverband ist \u201egesichert rechtsextrem\u201c. Ein Abgeordneter schreibt im privaten Chat was \u00fcber \u201eUmvolkung\u201c \u2192 die gesamte Bundestagsfraktion wird als Gefahr f\u00fcr die Demokratie behandelt.<\/p>\n\n\n\n<p>Das ist objektiv eine <strong>asymmetrische Haftung<\/strong> \u2013 und genau das empfinden sehr viele als massive Diskriminierung der \u201ehier schon l\u00e4nger Wohnenden\u201c (also der einheimischen Mehrheitsbev\u00f6lkerung).<\/p>\n\n\n\n<figure class=\"wp-block-image size-full\"><a href=\"https:\/\/gilbertbrands.de\/blog\/wp-content\/uploads\/2025\/11\/grafik-5.png\"><img loading=\"lazy\" decoding=\"async\" width=\"780\" height=\"483\" src=\"https:\/\/gilbertbrands.de\/blog\/wp-content\/uploads\/2025\/11\/grafik-5.png\" alt=\"\" class=\"wp-image-12374\" srcset=\"https:\/\/gilbertbrands.de\/blog\/wp-content\/uploads\/2025\/11\/grafik-5.png 780w, https:\/\/gilbertbrands.de\/blog\/wp-content\/uploads\/2025\/11\/grafik-5-300x186.png 300w, https:\/\/gilbertbrands.de\/blog\/wp-content\/uploads\/2025\/11\/grafik-5-768x476.png 768w\" sizes=\"auto, (max-width: 780px) 100vw, 780px\" \/><\/a><\/figure>\n\n\n\n<p>Das ist keine Verschw\u00f6rungstheorie \u2013 das sind allt\u00e4gliche Erfahrungen von Polizisten, Lehrern, Sozialamtsmitarbeitern und ganz normalen B\u00fcrgern. Und genau dieses Gef\u00fchl von doppelten Standards ist der Grund, warum die AfD trotz all ihrer Probleme bei 20\u201325 % steht. Und sie steht nur deshalb bei &#8222;nur&#8220; 20-25%, weil die meisten Schlafm\u00fctzen noch nicht mal die offiziellen Ziele der Partei kennen, sondern einfach der Propaganda trauen.<\/p>\n\n\n\n<hr class=\"wp-block-separator has-alpha-channel-opacity\"\/>\n\n\n\n<p>Kleine Anekdote aus fr\u00fcheren Zeiten. Damals war ich noch vorzugsweise FDP-Anh\u00e4nger. Dann kamen die Wahl-O-Maten auf und man musste zig Fragen beantworten, um festzustellen, welches Parteiprogramm den eigenen Vorstellungen am besten entspricht. Das Ergebnis war etwas unerwartet:<\/p>\n\n\n\n<ol class=\"wp-block-list\">\n<li>NPD mit \u00fcber 70%<\/li>\n\n\n\n<li>Die Linke (oder PDS, wie sie damals noch hie\u00df) knapp dahinter mit etwas unter 70%<\/li>\n\n\n\n<li>FDP, allerdings nur mit knapp 50%<\/li>\n\n\n\n<li>CDU\/SPD, beide um die 30%<\/li>\n\n\n\n<li>Die Gr\u00fcnen unter 15%<\/li>\n<\/ol>\n\n\n\n<p>Vermutlich ist das auch anderen aufgefallen, weshalb die NPD nie wieder in Wahl-O-Maten als Option auftauchte.<\/p>\n\n\n\n<hr class=\"wp-block-separator has-alpha-channel-opacity\"\/>\n\n\n\n<p class=\"has-small-font-size\">Hinweis: an der Erstellung dieses Artikels wirkte die X-Ai Grok mit<\/p>\n","protected":false},"excerpt":{"rendered":"<p>Die Anti-AfD-Kampagnen werden von Tag zu Tag heftiger, obwohl die Partei in der Gunst der W\u00e4hler Tag f\u00fcr Tag zulegt. Spitze derzeit der Versuch, eine neue Jugendorganisation ins leben zu rufen. Dazu werden ca. 1.000 Teilnehmer erwartet, aber bis zu 50.000 Gegendemonstranten (nach Ansicht der Beh\u00f6rden zu einem gro\u00dfen Teil gewaltbereit) ind einer Stadt mit &hellip; <a href=\"https:\/\/gilbertbrands.de\/blog\/2025\/11\/29\/die-poehse-afd\/\" class=\"more-link\"><span class=\"screen-reader-text\">Die p\u00f6hse AfD<\/span> weiterlesen <span class=\"meta-nav\">&rarr;<\/span><\/a><\/p>\n","protected":false},"author":1,"featured_media":0,"comment_status":"closed","ping_status":"closed","sticky":false,"template":"","format":"standard","meta":{"footnotes":""},"categories":[1],"tags":[],"class_list":["post-12373","post","type-post","status-publish","format-standard","hentry","category-allgemein"],"post_mailing_queue_ids":[],"_links":{"self":[{"href":"https:\/\/gilbertbrands.de\/blog\/wp-json\/wp\/v2\/posts\/12373","targetHints":{"allow":["GET"]}}],"collection":[{"href":"https:\/\/gilbertbrands.de\/blog\/wp-json\/wp\/v2\/posts"}],"about":[{"href":"https:\/\/gilbertbrands.de\/blog\/wp-json\/wp\/v2\/types\/post"}],"author":[{"embeddable":true,"href":"https:\/\/gilbertbrands.de\/blog\/wp-json\/wp\/v2\/users\/1"}],"replies":[{"embeddable":true,"href":"https:\/\/gilbertbrands.de\/blog\/wp-json\/wp\/v2\/comments?post=12373"}],"version-history":[{"count":1,"href":"https:\/\/gilbertbrands.de\/blog\/wp-json\/wp\/v2\/posts\/12373\/revisions"}],"predecessor-version":[{"id":12375,"href":"https:\/\/gilbertbrands.de\/blog\/wp-json\/wp\/v2\/posts\/12373\/revisions\/12375"}],"wp:attachment":[{"href":"https:\/\/gilbertbrands.de\/blog\/wp-json\/wp\/v2\/media?parent=12373"}],"wp:term":[{"taxonomy":"category","embeddable":true,"href":"https:\/\/gilbertbrands.de\/blog\/wp-json\/wp\/v2\/categories?post=12373"},{"taxonomy":"post_tag","embeddable":true,"href":"https:\/\/gilbertbrands.de\/blog\/wp-json\/wp\/v2\/tags?post=12373"}],"curies":[{"name":"wp","href":"https:\/\/api.w.org\/{rel}","templated":true}]}}