{"id":12270,"date":"2025-10-31T07:25:03","date_gmt":"2025-10-31T06:25:03","guid":{"rendered":"https:\/\/gilbertbrands.de\/blog\/?p=12270"},"modified":"2025-10-30T08:17:56","modified_gmt":"2025-10-30T07:17:56","slug":"zeh-deh-uh","status":"publish","type":"post","link":"https:\/\/gilbertbrands.de\/blog\/2025\/10\/31\/zeh-deh-uh\/","title":{"rendered":"Zeh Deh Uh"},"content":{"rendered":"\n<p>Innerhalb der CDU macht eine Gruppe gegen den meistgehassten Kanzler der Republik mobil. Angeblicher Ausl\u00f6ser die von Merz ausgel\u00f6ste Stadtbilddiskussion, aber die Sache geht wohl deutlich tiefer. In den Augen dieser Leuten ist Merz n\u00e4mlich ein Weichei und seine politischen Ansichten gehen ihnen bei weitem nicht weit genug. Nachzulesen hier:<\/p>\n\n\n\n<!--more-->\n\n\n\n<figure class=\"wp-block-embed is-type-wp-embed is-provider-compassmitte wp-block-embed-compassmitte\"><div class=\"wp-block-embed__wrapper\">\n<blockquote class=\"wp-embedded-content\" data-secret=\"tRttqeDsYN\"><a href=\"https:\/\/www.compassmitte.net\/\">Startseite<\/a><\/blockquote><iframe loading=\"lazy\" class=\"wp-embedded-content\" sandbox=\"allow-scripts\" security=\"restricted\" style=\"position: absolute; visibility: hidden;\" title=\"&#8222;Startseite&#8220; &#8212; COMPASSMITTE\" src=\"https:\/\/www.compassmitte.net\/embed\/#?secret=tdbaaH4Wlx#?secret=tRttqeDsYN\" data-secret=\"tRttqeDsYN\" width=\"600\" height=\"338\" frameborder=\"0\" marginwidth=\"0\" marginheight=\"0\" scrolling=\"no\"><\/iframe>\n<\/div><\/figure>\n\n\n\n<div data-wp-interactive=\"core\/file\" class=\"wp-block-file\"><object data-wp-bind--hidden=\"!state.hasPdfPreview\" hidden class=\"wp-block-file__embed\" data=\"https:\/\/gilbertbrands.de\/blog\/wp-content\/uploads\/2025\/10\/C-ompass-Mitte-20250622.pdf\" type=\"application\/pdf\" style=\"width:100%;height:600px\" aria-label=\"Einbettung von C-ompass-Mitte-20250622.\"><\/object><a id=\"wp-block-file--media-8a8f0626-61d7-4b64-89ea-80631af81197\" href=\"https:\/\/gilbertbrands.de\/blog\/wp-content\/uploads\/2025\/10\/C-ompass-Mitte-20250622.pdf\">C-ompass-Mitte-20250622<\/a><a href=\"https:\/\/gilbertbrands.de\/blog\/wp-content\/uploads\/2025\/10\/C-ompass-Mitte-20250622.pdf\" class=\"wp-block-file__button wp-element-button\" download aria-describedby=\"wp-block-file--media-8a8f0626-61d7-4b64-89ea-80631af81197\">Herunterladen<\/a><\/div>\n\n\n\n<p>Mit einer Union ist es wohl nicht mehr weit her, also streichen wir man das &#8222;U&#8220; aus CDU, und es bleibt als Parteikennung &#8222;CD&#8220;.<\/p>\n\n\n\n<p>Wenn man sich das Programm anschaut, geht es in Absatz 3. so richtig los. Wer meint, die CD vertr\u00e4te Interessen, die den W\u00e4hlern der CDU am Herzen liegen, kann das knicken. Die CD vertritt das Gleiche wie die SPD oder Die Gr\u00fcnen, letztlich die Erkl\u00e4rung f\u00fcr den Eindruck der Einheitspartei mit verschiedenen Namen. Wer das am 3. Absatz alleine nicht nachvollziehen kann, konsultiere Absatz 8 und Absatz 14. Letzterer insofern pikant, als die staatliche F\u00f6rderung von NGO zum Programm geh\u00f6rt, wobei den Initiatioren anscheinend nicht aufgeht, dass &#8222;nicht staatlich&#8220; und &#8222;staatlich gef\u00f6rdert&#8220; ein syntaktischer Widerspruch in sich ist.<\/p>\n\n\n\n<p>Absatz 9 enth\u00e4lt dann das Bekenntnis zur Entdeutschung des Landes. Klar, die Geburtenrate ist mit 1,35 Kindern \/ Familie weit von den zur Bestandserhaltung notwendigen 2,1 Kindern \/ Familie entfernt, aber k\u00f6nnte das vielleicht auch daran liegen, dass f\u00fcr eine rein deutsche Familie mit voll berufst\u00e4tigen Eltern Kinder in jeder Beziehung zu einer sozialen Bestrafung durch den Staat ausarten? Im Gegensatz zu einer durch eine NGO passend beratenen Migrantenfamilie, der es ohne eigene Arbeitst\u00e4tigkeit um so besser geht, je mehr Kinder sie hat oder &#8211; inzwischen auch aktenkundig &#8211; aus irgendwelchen L\u00e4ndern zus\u00e4tzlich einfliegen l\u00e4sst? <\/p>\n\n\n\n<p>Absatz 9 enth\u00e4lt zudem ein Bekenntnis zur Aufr\u00fcstung und zur Kriegsbereitschaft, vorgetragen mit den \u00fcblichen, durch keinerlei Belege belegten Behauptungen, man m\u00fcsse das nur, weil andere aufr\u00fcsten. <a href=\"https:\/\/www.acronymfinder.com\/Doof-Bleibt-Doof%2C-da-Helfen-Keine-Pillen-Und-Keine-Kalten-Umschlaege-(DBDDHKPUKKU).html\">D.b.d.d.h.k.p.u.k.k.u.<\/a><\/p>\n\n\n\n<p>Geradezu r\u00fchren Absatz 11:<\/p>\n\n\n\n<blockquote class=\"wp-block-quote is-layout-flow wp-block-quote-is-layout-flow\">\n<p>Ein Zerfall der regelbasierten internationalen und multilateralen Ordnung<br>erschwert den Kampf gegen die Erderhitzung zus\u00e4tzlich.<\/p>\n<\/blockquote>\n\n\n\n<p>Man muss das nicht weiter kommentieren, sondern braucht nur auf die Folgen zu warten.<\/p>\n\n\n\n<p>Abs\u00e4tze 5, 6 und 7 geben Anlass, aus dem verbliebenen &#8222;CD&#8220; auch das &#8222;D&#8220; zu streichen. Eigentlich einen Handlungsanweisung f\u00fcr die AfD: &#8222;<em>Wenn ihr etwas durchsetzen wollt, dann beantragt das genaue Gegenteil und wir werden f\u00fcr das stimmen, was ihr eigentlich wollt.<\/em>&#8222;Dass Demokratie bedeuten, mit anderen zu kooperieren und Kompromisse bzw. \u00dcbereinstimmungen zu finden &#8211; nicht mit dieser &#8222;C&#8220;. Und nebenbei immer noch kein Einsehen, dass man den zunehmenden Erfolg der AfD bei W\u00e4hlern nicht dadurch bek\u00e4mpfen kann, dass man ihn ignoriert<\/p>\n\n\n\n<p>Bleibt nur noch &#8222;C&#8220;, also christlich. Und das k\u00f6nnen wir leider nicht streichen. Eine Partei, die zwischenstaatlich auf Mord und Totschlag steht, der die eigenen Leute schei\u00dfegal sind, die Gegner kaltbl\u00fctig l\u00e4chelnd verrecken l\u00e4sst und heute diesen und morgen jenen verr\u00e4t &#8211; da muss man sagen, dass ist typisch christlich seit 2000 Jahren. Kann man hier nachlesen:<\/p>\n\n\n\n<p><a href=\"https:\/\/www.rowohlt.de\/buch\/karlheinz-deschner-hubert-mania-kriminalgeschichte-des-christentums-1-10-9783499630552\">https:\/\/www.rowohlt.de\/buch\/karlheinz-deschner-hubert-mania-kriminalgeschichte-des-christentums-1-10-9783499630552<\/a><\/p>\n\n\n\n<p>Ich hoffe, das lesen viele C-W\u00e4hler. Wer danach noch C w\u00e4hlt, kann auch als &#8222;Paintoy&#8220; in einem BDSM-Club anheuern.<\/p>\n","protected":false},"excerpt":{"rendered":"<p>Innerhalb der CDU macht eine Gruppe gegen den meistgehassten Kanzler der Republik mobil. Angeblicher Ausl\u00f6ser die von Merz ausgel\u00f6ste Stadtbilddiskussion, aber die Sache geht wohl deutlich tiefer. In den Augen dieser Leuten ist Merz n\u00e4mlich ein Weichei und seine politischen Ansichten gehen ihnen bei weitem nicht weit genug. Nachzulesen hier: Download Artikel als PDF<\/p>\n","protected":false},"author":1,"featured_media":0,"comment_status":"open","ping_status":"closed","sticky":false,"template":"","format":"standard","meta":{"footnotes":""},"categories":[1],"tags":[],"class_list":["post-12270","post","type-post","status-publish","format-standard","hentry","category-allgemein"],"post_mailing_queue_ids":[],"_links":{"self":[{"href":"https:\/\/gilbertbrands.de\/blog\/wp-json\/wp\/v2\/posts\/12270","targetHints":{"allow":["GET"]}}],"collection":[{"href":"https:\/\/gilbertbrands.de\/blog\/wp-json\/wp\/v2\/posts"}],"about":[{"href":"https:\/\/gilbertbrands.de\/blog\/wp-json\/wp\/v2\/types\/post"}],"author":[{"embeddable":true,"href":"https:\/\/gilbertbrands.de\/blog\/wp-json\/wp\/v2\/users\/1"}],"replies":[{"embeddable":true,"href":"https:\/\/gilbertbrands.de\/blog\/wp-json\/wp\/v2\/comments?post=12270"}],"version-history":[{"count":1,"href":"https:\/\/gilbertbrands.de\/blog\/wp-json\/wp\/v2\/posts\/12270\/revisions"}],"predecessor-version":[{"id":12272,"href":"https:\/\/gilbertbrands.de\/blog\/wp-json\/wp\/v2\/posts\/12270\/revisions\/12272"}],"wp:attachment":[{"href":"https:\/\/gilbertbrands.de\/blog\/wp-json\/wp\/v2\/media?parent=12270"}],"wp:term":[{"taxonomy":"category","embeddable":true,"href":"https:\/\/gilbertbrands.de\/blog\/wp-json\/wp\/v2\/categories?post=12270"},{"taxonomy":"post_tag","embeddable":true,"href":"https:\/\/gilbertbrands.de\/blog\/wp-json\/wp\/v2\/tags?post=12270"}],"curies":[{"name":"wp","href":"https:\/\/api.w.org\/{rel}","templated":true}]}}