{"id":11732,"date":"2025-04-03T08:45:00","date_gmt":"2025-04-03T06:45:00","guid":{"rendered":"https:\/\/gilbertbrands.de\/blog\/?p=11732"},"modified":"2025-04-02T10:39:47","modified_gmt":"2025-04-02T08:39:47","slug":"fuer-die-wahrheit","status":"publish","type":"post","link":"https:\/\/gilbertbrands.de\/blog\/2025\/04\/03\/fuer-die-wahrheit\/","title":{"rendered":"F\u00fcr die Wahrheit!"},"content":{"rendered":"\n<p>Die neue Rekordregierung &#8211; sie hat inzwischen die britische Regierung in Sachen Unbeliebtheit getoppt und schon vor der eigentlichen Wahl zum Kanzler mehr Anh\u00e4nger verloren als die britische Regierung innerhalb von Wochen nach der Regierungsbildung &#8211; macht Ernst! Mitten in Berlin wird dieses richtungsweisende neue Regierungsgeb\u00e4ude errichtet.<\/p>\n\n\n\n<figure class=\"wp-block-image size-large\"><img loading=\"lazy\" decoding=\"async\" width=\"768\" height=\"512\" src=\"https:\/\/gilbertbrands.de\/blog\/wp-content\/uploads\/2025\/04\/00000-3617855968.png\" alt=\"\" class=\"wp-image-11733\" srcset=\"https:\/\/gilbertbrands.de\/blog\/wp-content\/uploads\/2025\/04\/00000-3617855968.png 768w, https:\/\/gilbertbrands.de\/blog\/wp-content\/uploads\/2025\/04\/00000-3617855968-300x200.png 300w\" sizes=\"auto, (max-width: 768px) 100vw, 768px\" \/><\/figure>\n\n\n\n<!--more-->\n\n\n\n<p>Man ist sich in Regierungskreise bewusst geworden, dass man die Wahrheit nicht L\u00e4den wie Correctiv oder selbst ernannten Faktenfickern der ARD \u00fcberlassen kann, sondern selbst proaktiv gegen Desinformation mobil machen muss &#8211; schon alleine, um Kritik zu vermeiden. Deshalb ist ein neues Bundesinstitut gegr\u00fcndet worden, das in diesen Geb\u00e4uden seinen Hauptsitz finden soll:<\/p>\n\n\n\n<figure class=\"wp-block-image size-large\"><img loading=\"lazy\" decoding=\"async\" width=\"768\" height=\"512\" src=\"https:\/\/gilbertbrands.de\/blog\/wp-content\/uploads\/2025\/04\/00002-3235424782.png\" alt=\"\" class=\"wp-image-11734\" srcset=\"https:\/\/gilbertbrands.de\/blog\/wp-content\/uploads\/2025\/04\/00002-3235424782.png 768w, https:\/\/gilbertbrands.de\/blog\/wp-content\/uploads\/2025\/04\/00002-3235424782-300x200.png 300w\" sizes=\"auto, (max-width: 768px) 100vw, 768px\" \/><\/figure>\n\n\n\n<p>Es handelt sich um das EMI, das &#8222;Erich-Mielke-Institut f\u00fcr gesundes Denken&#8220;\u00b9\u207e, das \u00e4hnlich wie das RKI und PEI zum Wohle des Volkes Desinformation, Hassrhetorik, Verschw\u00f6rungstheorien und Symbolmissbrauch in der Bev\u00f6lkerung nachgehen und intellektuelle Neuausrichtungsma\u00dfnahmen anregen soll. Besonders hartn\u00e4ckige F\u00e4lle sollen station\u00e4r im Sanatorium Bautzen behandelt werden:<\/p>\n\n\n\n<figure class=\"wp-block-video\"><video controls src=\"https:\/\/gilbertbrands.de\/blog\/wp-content\/uploads\/2025\/04\/svd.mp4\"><\/video><\/figure>\n\n\n\n<p>Zur feierlich Er\u00f6ffnung des Instituts tanzte Noch-MdB Emilia Fester den Institutsnamen &#8211; dummerweise mit einigen kleineren Patzern in den Tanzsschritten, wie dem nach dem Tanz angefertigten Institutsnamen anzusehen ist.<\/p>\n\n\n\n<hr class=\"wp-block-separator\"\/>\n\n\n\n<p class=\"has-small-font-size\">\u00b9\u207e Dr.-Joseph-Goebbels-Institut schien am Ende doch unpassend. Siehe auch <a href=\"https:\/\/de.wikipedia.org\/wiki\/Erich_Mielke\" target=\"_blank\" rel=\"noreferrer noopener\" aria-label=\" (\u00f6ffnet in neuem Tab)\">https:\/\/de.wikipedia.org\/wiki\/Erich_Mielke<\/a><\/p>\n","protected":false},"excerpt":{"rendered":"<p>Die neue Rekordregierung &#8211; sie hat inzwischen die britische Regierung in Sachen Unbeliebtheit getoppt und schon vor der eigentlichen Wahl zum Kanzler mehr Anh\u00e4nger verloren als die britische Regierung innerhalb von Wochen nach der Regierungsbildung &#8211; macht Ernst! Mitten in Berlin wird dieses richtungsweisende neue Regierungsgeb\u00e4ude errichtet. Download Artikel als PDF<\/p>\n","protected":false},"author":1,"featured_media":0,"comment_status":"closed","ping_status":"closed","sticky":false,"template":"","format":"standard","meta":{"footnotes":""},"categories":[1],"tags":[],"class_list":["post-11732","post","type-post","status-publish","format-standard","hentry","category-allgemein"],"post_mailing_queue_ids":[],"_links":{"self":[{"href":"https:\/\/gilbertbrands.de\/blog\/wp-json\/wp\/v2\/posts\/11732","targetHints":{"allow":["GET"]}}],"collection":[{"href":"https:\/\/gilbertbrands.de\/blog\/wp-json\/wp\/v2\/posts"}],"about":[{"href":"https:\/\/gilbertbrands.de\/blog\/wp-json\/wp\/v2\/types\/post"}],"author":[{"embeddable":true,"href":"https:\/\/gilbertbrands.de\/blog\/wp-json\/wp\/v2\/users\/1"}],"replies":[{"embeddable":true,"href":"https:\/\/gilbertbrands.de\/blog\/wp-json\/wp\/v2\/comments?post=11732"}],"version-history":[{"count":3,"href":"https:\/\/gilbertbrands.de\/blog\/wp-json\/wp\/v2\/posts\/11732\/revisions"}],"predecessor-version":[{"id":11741,"href":"https:\/\/gilbertbrands.de\/blog\/wp-json\/wp\/v2\/posts\/11732\/revisions\/11741"}],"wp:attachment":[{"href":"https:\/\/gilbertbrands.de\/blog\/wp-json\/wp\/v2\/media?parent=11732"}],"wp:term":[{"taxonomy":"category","embeddable":true,"href":"https:\/\/gilbertbrands.de\/blog\/wp-json\/wp\/v2\/categories?post=11732"},{"taxonomy":"post_tag","embeddable":true,"href":"https:\/\/gilbertbrands.de\/blog\/wp-json\/wp\/v2\/tags?post=11732"}],"curies":[{"name":"wp","href":"https:\/\/api.w.org\/{rel}","templated":true}]}}