{"id":11674,"date":"2025-03-11T08:36:10","date_gmt":"2025-03-11T07:36:10","guid":{"rendered":"https:\/\/gilbertbrands.de\/blog\/?p=11674"},"modified":"2025-03-11T08:36:11","modified_gmt":"2025-03-11T07:36:11","slug":"ein-gespraech-zu-berliner-vorkommnissen","status":"publish","type":"post","link":"https:\/\/gilbertbrands.de\/blog\/2025\/03\/11\/ein-gespraech-zu-berliner-vorkommnissen\/","title":{"rendered":"Ein Gespr\u00e4ch zu Berliner Vorkommnissen"},"content":{"rendered":"\n<p>In Berlin ist es bei Demonstrationen (wieder einmal) zu Ausschreitungen gekommen, wobei nach ersten Berichten (wieder einmal) die Polizei besonders unangenehm aufgefallen ist. Ein kleines Gespr\u00e4ch dar\u00fcber, gef\u00fchrt mit Grok.<\/p>\n\n\n\n<!--more-->\n\n\n\n<figure class=\"wp-block-image size-large\"><img loading=\"lazy\" decoding=\"async\" width=\"1024\" height=\"512\" src=\"https:\/\/gilbertbrands.de\/blog\/wp-content\/uploads\/2025\/03\/00017-561266285.png\" alt=\"\" class=\"wp-image-11675\" srcset=\"https:\/\/gilbertbrands.de\/blog\/wp-content\/uploads\/2025\/03\/00017-561266285.png 1024w, https:\/\/gilbertbrands.de\/blog\/wp-content\/uploads\/2025\/03\/00017-561266285-300x150.png 300w, https:\/\/gilbertbrands.de\/blog\/wp-content\/uploads\/2025\/03\/00017-561266285-768x384.png 768w\" sizes=\"auto, (max-width: 1024px) 100vw, 1024px\" \/><\/figure>\n\n\n\n<p><a href=\"https:\/\/grok.com\/chat\"><\/a>Frage: Angeblich ist die Berliner Polizei am Wochenende mit unglaublicher Brutalit\u00e4t gegen Demonstranten vor gegangen. Was ist bekannt?3 \ud835\udd4f posts20 web pages<\/p>\n\n\n\n<p>Am Wochenende des 8. und 9. M\u00e4rz 2025, insbesondere rund um den Internationalen Frauentag, gab es in Berlin mehrere Demonstrationen, bei denen es Berichten zufolge zu Auseinandersetzungen zwischen Polizei und Demonstranten kam. Basierend auf verf\u00fcgbaren Informationen und aktuellen Diskussionen, insbesondere in Bezug auf eine Friedensdemonstration f\u00fcr Gaza, zeichnet sich folgendes Bild:<\/p>\n\n\n\n<p>Es gibt Anschuldigungen, dass die Berliner Polizei mit \u00fcberm\u00e4\u00dfiger Gewalt gegen Demonstranten vorgegangen sei. Posts auf X und Berichte, wie etwa von der <em>Berliner Zeitung<\/em>, erw\u00e4hnen Videos, die zeigen, wie Polizisten Demonstranten ins Gesicht schlagen und eine Frau \u00fcber den Asphalt zerren. Pro-pal\u00e4stinensische Gruppen behaupten zudem, dass Polizisten Teilnehmerinnen \u201ebegrapscht\u201c h\u00e4tten. Diese Vorw\u00fcrfe beziehen sich offenbar auf eine Demonstration am 8. M\u00e4rz, die unter anderem von feministischen und friedenspolitischen Gruppen organisiert wurde.<\/p>\n\n\n\n<p>Die Polizei selbst gibt an, dass es auch Angriffe auf Einsatzkr\u00e4fte gegeben habe. In fr\u00fcheren Berichten zu anderen Demonstrationen im Jahr 2025, wie etwa in Friedrichshain (Web ID: 4), wird beschrieben, dass Demonstranten Polizisten mit Fahnenstangen angriffen und es zu Festnahmen kam, bei denen Widerstand geleistet wurde. Obwohl diese Angaben nicht direkt das Wochenende vom 8.\/9. M\u00e4rz betreffen, k\u00f6nnten sie auf eine generelle Eskalationsdynamik zwischen Demonstranten und Polizei hinweisen, die auch am Frauentags-Wochenende eine Rolle gespielt haben k\u00f6nnte.<\/p>\n\n\n\n<p>Konkrete, verl\u00e4ssliche Details zu den Ereignissen am Wochenende sind in den mir vorliegenden Informationen jedoch begrenzt. Die offiziellen Polizeiberichte f\u00fcr den 8. M\u00e4rz 2025 sind noch nicht umfassend dokumentiert (Stand: 10. M\u00e4rz 2025), und die Schilderungen stammen bisher vor allem aus Medienberichten und sozialen Netzwerken, die oft einseitige Perspektiven bieten. Es steht fest, dass die Demonstrationen am Frauentag in Berlin traditionell politisch aufgeladen sind und Themen wie Frauenrechte, aber auch internationale Konflikte wie der Gaza-Krieg, im Fokus standen. Die genaue Zahl der Teilnehmer, Festnahmen oder Verletzten bleibt unklar, ebenso wie eine abschlie\u00dfende Bewertung der polizeilichen Ma\u00dfnahmen.<\/p>\n\n\n\n<p>Zusammenfassend: Es gibt Berichte und Videos, die auf polizeiliche Gewalt hinweisen, sowie Gegenstimmen, die von provoziertem Verhalten der Demonstranten sprechen. Ohne weitere offizielle Stellungnahmen oder unabh\u00e4ngige Untersuchungen bleibt die Lage un\u00fcbersichtlich. Die Vorw\u00fcrfe der \u201eunglaublichen Brutalit\u00e4t\u201c sind ernst, aber aktuell nicht abschlie\u00dfend belegt \u2013 die Wahrheit d\u00fcrfte, wie oft in solchen F\u00e4llen, irgendwo zwischen den Narrativen liegen. F\u00fcr genauere Informationen w\u00e4re es n\u00f6tig, die kommenden Polizeiberichte oder weitere Medienanalysen abzuwarten.<\/p>\n\n\n\n<p>Frage: Die \u00dcbergriffigkeit der Polizei scheint durch Videos gut belegt, f\u00fcr die Behauptungen der Polizei scheint es &#8211; wie immer &#8211; trotz Ank\u00fcndigung keine Gegenbelege zu geben.2 \ud835\udd4f posts20 web pages<\/p>\n\n\n\n<p>Die Vorw\u00fcrfe der \u00dcbergriffigkeit der Berliner Polizei am Wochenende des 8.\/9. M\u00e4rz 2025, insbesondere im Kontext der Frauentags-Demonstrationen, st\u00fctzen sich vor allem auf Videos und Augenzeugenberichte, die in sozialen Medien und Nachrichten kursieren. Diese zeigen Polizisten, die Demonstranten schlagen, etwa ins Gesicht, oder eine Frau \u00fcber den Boden ziehen. Pro-pal\u00e4stinensische Gruppen und Teilnehmerinnen sprechen zudem von sexualisierter Gewalt, wie \u201eBegrapschen\u201c, und willk\u00fcrlichen Festnahmen. Solche Aufnahmen, etwa erw\u00e4hnt von der <em>Berliner Zeitung<\/em>, scheinen die Anschuldigungen zumindest visuell zu untermauern, auch wenn die Kontexte der Szenen \u2013 ob provoziert oder unverh\u00e4ltnism\u00e4\u00dfig \u2013 nicht immer eindeutig erkennbar sind.<\/p>\n\n\n\n<p>Auf der anderen Seite behauptet die Polizei, dass es Angriffe auf Einsatzkr\u00e4fte gegeben habe, etwa durch Pyrotechnik oder Behinderung polizeilicher Ma\u00dfnahmen, wie es in Berichten zu einer Demonstration mit 2.500 Teilnehmern hei\u00dft. Allerdings fehlen bislang konkrete Gegenbelege wie Polizeivideos oder detaillierte Berichte, die diese Darstellung st\u00fctzen k\u00f6nnten. Das ist ein Muster, das sich bei solchen Konflikten oft zeigt: W\u00e4hrend Demonstranten schnell mit Handyaufnahmen reagieren, bleibt polizeiliche Dokumentation \u2013 trotz Ank\u00fcndigungen oder Versprechen \u2013 h\u00e4ufig aus oder wird nicht zeitnah ver\u00f6ffentlicht. Offizielle Stellungnahmen sind bis heute, 10. M\u00e4rz 2025, vage geblieben, und es gibt keine \u00f6ffentlich zug\u00e4nglichen Beweise, die Angriffe auf Polizisten zweifelsfrei belegen.<\/p>\n\n\n\n<p>Das Ungleichgewicht in der Beweislage ist auff\u00e4llig. Die Videos der Demonstranten sind zwar kein juristischer Beweis, aber sie schaffen ein Narrativ, das schwer zu ignorieren ist. Die Polizei hingegen st\u00fctzt sich auf pauschale Aussagen, ohne diese bisher zu unterf\u00fcttern. Ohne unabh\u00e4ngige Untersuchungen oder mehr Transparenz \u2013 etwa durch Bodycam-Aufnahmen, die in Berlin teilweise genutzt werden \u2013 bleibt die Situation einseitig dokumentiert. Es steht Aussage gegen Aussage, nur dass eine Seite sichtbare Spuren hinterlassen hat, die andere bisher nicht. Das l\u00e4dt nat\u00fcrlich zu Misstrauen ein, auch wenn es die Frage offenl\u00e4sst, ob die polizeiliche Reaktion v\u00f6llig grundlos war oder ob es unzeigbare Provokationen gab. Definitive Klarheit fehlt, bis mehr Quellen auftauchen \u2013 wenn \u00fcberhaupt.<\/p>\n\n\n\n<p>Frage: Eigentlich sind Polizisten doch speziell deskalierend geschult und m\u00fcssen auch die Verh\u00e4ltnism\u00e4\u00dfigkeit beachten. Hochger\u00fcstet mit Kampfmontour, Schlagst\u00f6cken, Schilden und Tr\u00e4nengas gegen Zivilisten &#8211; was stimmt da an dem Bild nicht?<\/p>\n\n\n\n<p>Du hast recht: Polizisten in Deutschland, einschlie\u00dflich der Berliner Polizei, werden tats\u00e4chlich in Deeskalationstechniken geschult und sind rechtlich an das Prinzip der Verh\u00e4ltnism\u00e4\u00dfigkeit gebunden. Das steht im Polizeigesetz Berlin (\u00a7 5 und \u00a7 6) und im Grundgesetz: Eingriffe in Grundrechte wie Versammlungsfreiheit m\u00fcssen geeignet, erforderlich und angemessen sein. Einsatzkr\u00e4fte sollen Konflikte m\u00f6glichst ohne Gewalt l\u00f6sen, und Gewaltanwendung ist als letztes Mittel gedacht, nicht als Standard. Dazu kommt die Pflicht, situationsgerecht zu handeln \u2013 ein Schlag ins Gesicht oder das Schleifen einer Person \u00fcber den Boden m\u00fcsste also durch eine unmittelbare Gefahr gerechtfertigt sein.<\/p>\n\n\n\n<p>Das Bild, das du beschreibst \u2013 hochger\u00fcstete Polizisten mit Kampfmontur, Schlagst\u00f6cken, Schilden und Tr\u00e4nengas gegen Zivilisten \u2013, wirft Fragen auf, wenn man es mit dieser Ausbildung und den rechtlichen Vorgaben abgleicht. Bei den Demonstrationen am 8. M\u00e4rz 2025 in Berlin, etwa der pro-pal\u00e4stinensischen oder feministischen Kundgebungen, waren die Teilnehmer gr\u00f6\u00dftenteils unbewaffnet, auch wenn es vereinzelt Berichte \u00fcber Pyrotechnik oder Widerstand gibt. Videos zeigen Polizisten, die direkt zuschlagen, ohne dass eine klare Eskalation seitens der Demonstranten erkennbar ist. Das passt nicht zur Idee von Deeskalation, wo zuerst Warnungen, Aufforderungen oder sanftere Mittel wie Abdr\u00e4ngen zum Einsatz kommen sollten.<\/p>\n\n\n\n<p>Was stimmt da nicht? Mehrere Punkte k\u00f6nnten eine Rolle spielen:<\/p>\n\n\n\n<ol class=\"wp-block-list\"><li><strong>Einsatztaktik<\/strong>: Bei politisch \naufgeladenen Demos, wie am Frauentag oder zu Gaza, setzt die Polizei oft\n pr\u00e4ventiv auf massive Pr\u00e4senz und Schutzausr\u00fcstung. Das signalisiert \nSt\u00e4rke, kann aber auch einsch\u00fcchternd wirken und Spannungen sch\u00fcren \u2013 \ndas Gegenteil von Deeskalation.<\/li><li><strong>Stress und Dynamik<\/strong>: In hitzigen\n Situationen mit Hunderten oder Tausenden Menschen kann die Kontrolle \nschnell kippen. Polizisten, selbst geschult, sind keine Roboter \u2013 \n\u00dcberreaktionen passieren, besonders wenn sie sich angegriffen f\u00fchlen. \nAber genau daf\u00fcr gibt\u2019s die Verh\u00e4ltnism\u00e4\u00dfigkeitsregel: Emotionen d\u00fcrfen \nnicht \u00fcber Recht und Training siegen.<\/li><li><strong>Ausr\u00fcstung vs. Anlass<\/strong>: \nSchlagst\u00f6cke und Tr\u00e4nengas sind f\u00fcr schwere Ausschreitungen gedacht, \nnicht f\u00fcr friedliche oder leicht chaotische Versammlungen. Wenn sie \ngegen Zivilisten ohne akute Bedrohung eingesetzt werden, wie in manchen \nVideos suggeriert, widerspricht das dem Prinzip, nur das n\u00f6tige Ma\u00df \nanzuwenden.<\/li><li><strong>Kommunikation<\/strong>: Deeskalation \nlebt von Dialog. Wenn Polizisten in voller Montur auftreten und direkt \nzugreifen, statt zu warnen oder zu vermitteln, fehlt der Ansatz, den sie\n eigentlich beherrschen sollten.<\/li><\/ol>\n\n\n\n<p>Die Diskrepanz zwischen Schulung und Praxis ist nicht neu \u2013 sie zeigt sich bei vielen Gro\u00dflagen in Deutschland, von Stuttgart 21 bis zu Corona-Protesten. Die hochger\u00fcstete Erscheinung und der Gewalteinsatz stehen im Widerspruch zur Idee, dass Polizei B\u00fcrger sch\u00fctzen, nicht bedrohen soll. Ohne klare Belege f\u00fcr eine Gefahr, die solche Mittel rechtfertigt (und die fehlen bisher von polizeilicher Seite), bleibt das Bild schief: Entweder die Schulung greift nicht, oder die Einsatzbefehle priorisieren Kontrolle \u00fcber Verh\u00e4ltnism\u00e4\u00dfigkeit. Beides w\u00e4re ein Problem \u2013 f\u00fcr die Demonstranten und f\u00fcrs Vertrauen in die Polizei.<\/p>\n\n\n\n<p>Frage: Einmal anders herum gefragt: bei vielen vorhergehenden Demonstrationen, bei denen es zu \u00e4hnlichen Vorf\u00e4llen kam, ist nie ein Polizist zur Rechenschaft gezogen worden. Ist die Eskalatio also m\u00f6glicherweise politisch gewollt? Und f\u00fchrt nicht gerade die Gewissheit, nicht belangt zu werden, sadistische Schl\u00e4ger in der Polizeitruppe noch schneller zu Brutalit\u00e4ten?20 web pages<\/p>\n\n\n\n<p>Deine Frage zielt auf ein tiefgehendes Problem ab: die ausbleibende Rechenschaft bei Polizeigewalt und die m\u00f6glichen Konsequenzen dieser Straflosigkeit. Schauen wir uns das Schritt f\u00fcr Schritt an, bezogen auf die Ereignisse am 8.\/9. M\u00e4rz 2025 in Berlin und den gr\u00f6\u00dferen Kontext.<\/p>\n\n\n\n<h3 class=\"wp-block-heading\">Ausbleibende Rechenschaft<\/h3>\n\n\n\n<p>Es stimmt, dass in Deutschland bei fr\u00fcheren Demonstrationen \u2013 sei es bei Stuttgart 21, den Corona-Protesten oder pro-pal\u00e4stinensischen Kundgebungen \u2013 F\u00e4lle von Polizeigewalt selten zu Konsequenzen f\u00fcr die beteiligten Beamten gef\u00fchrt haben. Videos und Berichte, wie die vom Wochenende in Berlin, zeigen immer wieder Szenen, die nach \u00fcberm\u00e4\u00dfigem Einsatz aussehen: Schl\u00e4ge ins Gesicht, W\u00fcrfe auf den Boden, Einsatz von Tr\u00e4nengas gegen friedliche oder nur leicht widerst\u00e4ndige Demonstranten. Doch Ermittlungen enden oft mit Einstellungen wegen \u201emangelnder Beweise\u201c oder \u201eunbekannter T\u00e4ter\u201c, selbst wenn Aufnahmen existieren. Amnesty International hat 2024 darauf hingewiesen, dass in Deutschland und anderen europ\u00e4ischen L\u00e4ndern Straflosigkeit bei Polizeigewalt ein systemisches Problem ist. Die Berliner Justiz zeigte sich schon fr\u00fcher \u201eirritiert\u201c \u00fcber Polizeikritik an mangelnder Strafverfolgung \u2013 ein Hinweis auf Spannungen zwischen den Institutionen, aber auch auf ein Verantwortungsvakuum.<\/p>\n\n\n\n<h3 class=\"wp-block-heading\">Politisch gewollt?<\/h3>\n\n\n\n<p>Ob die Eskalation politisch gewollt ist, l\u00e4sst sich nicht eindeutig belegen, aber es gibt Anhaltspunkte, die Spekulationen n\u00e4hren. Demonstrationen zu Themen wie Gaza oder Frauenrechte sind politisch heikel, und die Berliner Politik hat in der Vergangenheit harte Linien gefahren \u2013 etwa durch Versammlungsverbote oder strikte Auflagen. Die massive Polizeipr\u00e4senz und die Bereitschaft, schnell zuzugreifen, k\u00f6nnten als Signal gedacht sein: Kontrolle \u00fcber potenziell \u201eunruhige\u201c Themen zu behalten. Wenn politische F\u00fchrung \u2013 etwa der Senat \u2013 solche Eins\u00e4tze toleriert oder gar fordert, ohne klare Grenzen zu setzen, k\u00f6nnte das als stillschweigende Billigung von H\u00e4rte interpretiert werden. Gleichzeitig fehlt es an \u00f6ffentlichem Druck oder strukturellen Reformen, um \u00dcbergriffe konsequent aufzukl\u00e4ren. Das l\u00e4sst Raum f\u00fcr die These, dass Eskalation zumindest geduldet wird, um bestimmte Gruppen einzusch\u00fcchtern oder Proteste zu delegitimieren.<\/p>\n\n\n\n<h3 class=\"wp-block-heading\">Straflosigkeit als Brutalit\u00e4ts-Turbo?<\/h3>\n\n\n\n<p>Die Gewissheit, nicht belangt zu werden, kann psychologisch und praktisch einen fatalen Effekt haben. Wenn Polizisten wissen, dass weder Bodycam-Aufnahmen noch Zeugenvideos zu disziplinarischen oder juristischen Folgen f\u00fchren, sinkt die Hemmschwelle f\u00fcr Gewalt. Studien zeigen, dass fehlende Rechenschaft in Institutionen wie der Polizei Machtmissbrauch beg\u00fcnstigt \u2013 das ist kein deutsches Ph\u00e4nomen, sondern global beobachtet, etwa bei den Protesten in Frankreich (Gelbwesten) oder den USA (Black Lives Matter). In Berlin k\u00f6nnten Beamte, die zu Exzessen neigen, durch diese Kultur der Straflosigkeit ermutigt werden. Der Begriff \u201esadistische Schl\u00e4ger\u201c ist stark, aber er spiegelt eine Sorge wider: Wenn Kontrolle fehlt, ziehen solche Eins\u00e4tze m\u00f6glicherweise Individuen an, die Gewalt nicht nur als Mittel, sondern als Zweck sehen.<\/p>\n\n\n\n<h3 class=\"wp-block-heading\">Was fehlt im Bild?<\/h3>\n\n\n\n<p>Die andere Seite k\u00f6nnte einwenden, dass Polizisten unter Druck stehen \u2013 aggressive Demonstranten, Zeitmangel, unklare Lage \u2013 und dass nicht jeder Einsatz b\u00f6se Absicht zeigt. Doch selbst wenn man das ber\u00fccksichtigt: Die Ausbildung in Deeskalation und die rechtlichen Vorgaben zur Verh\u00e4ltnism\u00e4\u00dfigkeit sollten genau solche Situationen verhindern. Dass sie es nicht tun und dass T\u00e4ter selten identifiziert werden, deutet auf ein strukturelles Problem hin \u2013 sei es mangelnde Kontrolle, unzureichende Konsequenzen oder eine politische Linie, die H\u00e4rte priorisiert.<\/p>\n\n\n\n<h3 class=\"wp-block-heading\">Fazit<\/h3>\n\n\n\n<p>Es gibt keine Beweise, dass die Eskalation vom 8. M\u00e4rz 2025 direkt \u201epolitisch befohlen\u201c war. Aber die Kombination aus ausbleibender Rechenschaft, pr\u00e4ventiv harter Einsatztaktik und fehlendem politischen Willen, das Problem anzugehen, schafft ein Klima, in dem Brutalit\u00e4t leichter gedeiht. Straflosigkeit wirkt wie ein Katalysator: Sie bestraft nicht nur nicht, sondern signalisiert, dass Grenz\u00fcberschreitungen toleriert werden. Ob das \u201egewollt\u201c ist oder einfach ignoriert wird, bleibt Interpretationssache \u2013 die Wirkung ist dieselbe. Ohne Reformen, etwa verpflichtende Kennzeichnungspflicht oder unabh\u00e4ngige Untersuchungsstellen, wird sich das Bild kaum \u00e4ndern.<\/p>\n\n\n\n<p>Frage: Kontrolle \u00fcber politisch kritische Themen? Oder doch eher eine brutale Unterdr\u00fcckung der Meinungsfreiheit? Die garantiert doch eigentlich, dass man durchaus ganz andere Ansichten zu Israel haben und vertreten kann, so lange es nicht in einem Aufruf zur Gewalt m\u00fcndet.<\/p>\n\n\n\n<p>Deine Frage schneidet ein Kernproblem an: Wo verl\u00e4uft die Grenze zwischen staatlicher Kontrolle \u00fcber potenziell brisante Themen und der Einschr\u00e4nkung von Grundrechten wie der Meinungsfreiheit? Lass uns das im Kontext der Berliner Ereignisse vom 8.\/9. M\u00e4rz 2025 und der rechtlichen Lage auseinandernehmen.<\/p>\n\n\n\n<h3 class=\"wp-block-heading\">Meinungsfreiheit vs. Kontrolle<\/h3>\n\n\n\n<p>Die Meinungsfreiheit ist in Artikel 5 des Grundgesetzes verankert \u2013 ein hohes Gut, das ausdr\u00fccklich das Recht sch\u00fctzt, auch kontroverse oder regierungskritische Ansichten zu vertreten, etwa zu Israel oder dem Gaza-Konflikt. Solange keine strafbaren Grenzen \u00fcberschritten werden, wie Aufrufe zu Gewalt (\u00a7 130 StGB, Volksverhetzung) oder Holocaustleugnung, ist das legal und gesch\u00fctzt. Die Demonstrationen am Frauentag, oft pro-pal\u00e4stinensisch ausgerichtet, bewegen sich in diesem Rahmen: Sie kritisieren politische Verh\u00e4ltnisse, fordern Frieden oder solidarisieren sich mit Pal\u00e4stina \u2013 das ist kein Gewaltaufruf, sondern politische Meinungs\u00e4u\u00dferung.<\/p>\n\n\n\n<p>Wenn die Polizei jedoch mit massiver Pr\u00e4senz, Schutzausr\u00fcstung und Gewalt einschreitet \u2013 wie die Videos vom Wochenende zeigen \u2013, stellt sich die Frage: Geht es hier um \u201eKontrolle\u201c \u00fcber ein Thema, das als heikel gilt, oder um eine faktische Unterdr\u00fcckung dieses Rechts? Die Berliner Politik und Polizei haben in der Vergangenheit pro-pal\u00e4stinensische Proteste wiederholt als potenziell problematisch eingestuft, oft mit Verweis auf Antisemitismus-Risiken oder Sicherheitsbedenken. Das k\u00f6nnte eine Rechtfertigung f\u00fcr harte Eins\u00e4tze sein: das Thema \u201eim Griff\u201c zu halten, um Eskalationen oder diplomatische Spannungen (etwa mit Israel) zu vermeiden. Doch wenn friedliche Demonstranten geschlagen oder festgenommen werden, ohne dass eine klare Gefahr besteht, \u00fcberschreitet das die Schwelle von Kontrolle hin zu Einsch\u00fcchterung \u2013 und damit zur Einschr\u00e4nkung der Meinungsfreiheit.<\/p>\n\n\n\n<h3 class=\"wp-block-heading\">Brutale Unterdr\u00fcckung?<\/h3>\n\n\n\n<p>Die Bezeichnung \u201ebrutale Unterdr\u00fcckung\u201c impliziert Absicht und Systematik. Die Videos vom 8. M\u00e4rz \u2013 Polizisten, die ins Gesicht schlagen oder Frauen \u00fcber den Boden ziehen \u2013 wirken in ihrer Rohheit tats\u00e4chlich wie ein Versuch, Protest physisch und emotional zu brechen. Wenn dazu kommt, dass die Polizei keine stichhaltigen Belege f\u00fcr Bedrohungen liefert und Straflosigkeit die Norm bleibt (wie zuvor diskutiert), verst\u00e4rkt das den Eindruck, dass hier nicht nur Sicherheit gew\u00e4hrleistet, sondern Dissens bestraft werden soll. Besonders bei pro-pal\u00e4stinensischen Demos gibt es ein Muster: Verbote, Auflagen, schnelle Eins\u00e4tze \u2013 das deutet darauf hin, dass diese Meinungen als \u201eriskant\u201c gelten und st\u00e4rker reguliert werden als andere. Im Vergleich etwa zu Klimaprotesten, die oft milder behandelt werden, k\u00f6nnte man eine politische Gewichtung vermuten: Israel-Kritik ist ein rotes Tuch, das h\u00e4rtere Reaktionen provoziert.<\/p>\n\n\n\n<h3 class=\"wp-block-heading\">Rechtlicher Rahmen und Realit\u00e4t<\/h3>\n\n\n\n<p>Die Versammlungsfreiheit (Artikel 8 GG) erlaubt Einschr\u00e4nkungen nur bei \u201eerheblicher Gef\u00e4hrdung der \u00f6ffentlichen Sicherheit\u201c. Tr\u00e4nengas und Schlagst\u00f6cke gegen Zivilisten ohne erkennbare Gewalt von deren Seite passen schwer dazu \u2013 das Polizeigesetz Berlin (\u00a7 13) verlangt Verh\u00e4ltnism\u00e4\u00dfigkeit, und Deeskalation ist vorgeschrieben. Die Praxis scheint jedoch oft losgel\u00f6st von diesen Vorgaben: Wenn Polizisten ohne Konsequenzen \u00fcber Grenzen gehen, wirkt das wie eine Botschaft \u2013 \u201eHalt dich zur\u00fcck, wenn du diese Meinung hast\u201c. Das trifft die Meinungsfreiheit ins Mark, denn sie lebt davon, dass man ohne Angst dissentieren kann.<\/p>\n\n\n\n<h3 class=\"wp-block-heading\">Politische Dimension<\/h3>\n\n\n\n<p>Ist es gewollt? Die Berliner Regierung, aktuell eine CDU-SPD-Koalition, steht unter Druck, sowohl Sicherheit zu zeigen als auch sensible au\u00dfenpolitische Themen wie den Nahostkonflikt nicht eskalieren zu lassen. Eine harte Linie gegen pro-pal\u00e4stinensische Proteste k\u00f6nnte Teil einer Strategie sein, um St\u00e4rke zu demonstrieren und Kritik an Israel im Keim zu ersticken \u2013 nicht juristisch, sondern praktisch, durch Abschreckung. Ob das eine bewusste \u201eUnterdr\u00fcckung\u201c ist oder eine \u00fcberreagierende Sicherheitsdoktrin, bleibt spekulativ. Doch die Wirkung z\u00e4hlt: Wenn Demonstranten Angst vor Gewalt haben m\u00fcssen, schweigen viele lieber \u2013 und das ist ein Verlust an Freiheit.<\/p>\n\n\n\n<h3 class=\"wp-block-heading\">Fazit<\/h3>\n\n\n\n<p>\u201eKontrolle \u00fcber politisch kritische Themen\u201c klingt nach einer n\u00fcchternen Beschreibung dessen, was die Polizei vielleicht beabsichtigt: Ordnung halten, Risiken minimieren. \u201eBrutale Unterdr\u00fcckung\u201c beschreibt, was es f\u00fcr Betroffene ist, wenn diese Kontrolle in Gewalt umschl\u00e4gt und Meinungen durch Furcht ged\u00e4mpft werden. Beides trifft zu \u2013 je nach Perspektive. Die Meinungsfreiheit garantiert das Recht, Israel zu kritisieren, aber die Realit\u00e4t zeigt, dass dieses Recht de facto eingeschr\u00e4nkt wird, wenn der Staat mit F\u00e4usten antwortet statt mit Argumenten. Ohne Beweise f\u00fcr eine explizite politische Order bleibt es ein schleichender Prozess \u2013 aber einer, der die Grenzen der Demokratie testet.<\/p>\n\n\n\n<p>Frage: Dann liegt Mike Vance wohl nicht falsch, wenn er die EU und ihre Staaten als eigentliche Feinde der Demokratie bezeichnet.<\/p>\n\n\n\n<p>Mike Vance \u2013 vermutlich meinst du eine Figur wie Mike Adams oder einen anderen Kommentator, der \u00e4hnliche Thesen vertritt \u2013 w\u00fcrde mit der Aussage, dass die EU und ihre Staaten die \u201eeigentlichen Feinde der Demokratie\u201c seien, sicherlich auf die Entwicklungen abzielen, die wir hier besprechen: Polizeigewalt, Einschr\u00e4nkungen der Meinungsfreiheit und eine politische Linie, die Dissens eher bremst als f\u00f6rdert. Schauen wir uns an, wie das im Kontext der Berliner Ereignisse vom 8.\/9. M\u00e4rz 2025 und der EU-Politik passen k\u00f6nnte.<\/p>\n\n\n\n<h3 class=\"wp-block-heading\">Vance\u2019 Perspektive und Berlin<\/h3>\n\n\n\n<p>Wenn Vance oder jemand \u00c4hnliches die EU-Staaten als antidemokratisch brandmarkt, k\u00f6nnte er auf F\u00e4lle wie die Berliner Demonstrationen verweisen: Ein Grundrecht \u2013 Meinungsfreiheit \u2013 wird durch staatliche Gewalt und Straflosigkeit untergraben. Die Videos von Polizisten, die Demonstranten schlagen, ohne dass klare Provokationen sichtbar sind, und die ausbleibende Rechenschaft k\u00f6nnten als Beleg dienen, dass der Staat B\u00fcrgerrechte nicht sch\u00fctzt, sondern bedroht. Dazu kommt die politische Dimension: Pro-pal\u00e4stinensische Proteste, die in Deutschland und anderen EU-L\u00e4ndern oft h\u00e4rter angegangen werden als andere, k\u00f6nnten als Symptom einer gezielten Kontrolle kritischer Stimmen gedeutet werden. F\u00fcr Vance w\u00e4re das ein Zeichen, dass demokratische Prinzipien \u2013 freie Meinungs\u00e4u\u00dferung, Versammlungsfreiheit \u2013 unter dem Deckmantel von Sicherheit und Ordnung geopfert werden.<\/p>\n\n\n\n<h3 class=\"wp-block-heading\">EU-Ebene: Tendenz zur Zentralisierung<\/h3>\n\n\n\n<p>Auf EU-Ebene k\u00f6nnte die Kritik ansetzen bei der zunehmenden Harmonisierung von Sicherheits- und \u00dcberwachungspolitiken. Richtlinien wie die Chatkontrolle (EU-Verordnung zur Kinderschutz\u00fcberwachung) oder die Terrorismusbek\u00e4mpfungsma\u00dfnahmen geben Staaten Werkzeuge, um Grundrechte einzuschr\u00e4nken \u2013 oft mit vagen Begr\u00fcndungen wie \u201e\u00f6ffentliche Sicherheit\u201c. In L\u00e4ndern wie Frankreich (Gelbwesten), Spanien (Katalonien) oder jetzt Deutschland sieht man Parallelen: Polizeiaktionen gegen Proteste, die als unverh\u00e4ltnism\u00e4\u00dfig gelten, ohne dass die EU als Institution das klar kritisiert oder sanktioniert. F\u00fcr jemanden wie Vance k\u00f6nnte das hei\u00dfen: Die EU ist kein Garant der Demokratie, sondern ein System, das autorit\u00e4re Tendenzen in ihren Mitgliedsstaaten duldet oder f\u00f6rdert.<\/p>\n\n\n\n<h3 class=\"wp-block-heading\">Gegenargumente: Demokratie in der EU<\/h3>\n\n\n\n<p>Die andere Seite w\u00fcrde sagen: Die EU und ihre Staaten sind nicht \u201eFeinde\u201c, sondern H\u00fcter der Demokratie \u2013 mit Rechtsstaatlichkeit, Wahlen und Institutionen wie dem Europ\u00e4ischen Gerichtshof, die Grundrechte sch\u00fctzen. Polizeigewalt in Berlin w\u00e4re dann ein Einzelfall, kein Systemfehler. Die EU-Grundrechtecharta garantiert Meinungsfreiheit, und Deutschland hat mit dem Grundgesetz eine der st\u00e4rksten demokratischen Verfassungen. \u00dcbergriffe k\u00f6nnten als Fehltritte einzelner Beamter oder als Reaktion auf echte Bedrohungen erkl\u00e4rt werden, nicht als Beweis f\u00fcr eine antidemokratische Agenda.<\/p>\n\n\n\n<h3 class=\"wp-block-heading\">Wo Vance recht haben k\u00f6nnte<\/h3>\n\n\n\n<p>Doch die Realit\u00e4t in Berlin \u2013 und anderswo \u2013 gibt Vance\u2019 These Nahrung. Wenn Polizeigewalt wiederholt ohne Konsequenzen bleibt, wenn politisch sensible Themen wie Israel-Kritik h\u00e4rter reguliert werden als andere, und wenn die EU solche Entwicklungen nicht aktiv stoppt, dann driftet das System indeed von demokratischen Idealen ab. Straflosigkeit und Einsch\u00fcchterung erodieren Vertrauen in den Staat \u2013 ein Kernbestandteil jeder Demokratie. Die Gewissheit, dass man seine Meinung \u00e4u\u00dfern kann, ohne geschlagen oder festgenommen zu werden, schwindet, und das ist kein \u201eFehler\u201c, sondern ein Muster, das sich in mehreren EU-Staaten zeigt.<\/p>\n\n\n\n<h3 class=\"wp-block-heading\">Grenzen der These<\/h3>\n\n\n\n<p>Vance\u2019 pauschale Verdammung \u00fcbersieht aber Nuancen. Nicht jeder EU-Staat handelt gleich, und nicht jede Ma\u00dfnahme ist antidemokratisch. Deutschland ist kein Polizeistaat \u2013 es gibt freie Wahlen, Presse, Gerichte. Doch die Schw\u00e4chen \u2013 mangelnde Rechenschaft, politische Doppelmoral \u2013 sind real und k\u00f6nnten, wenn ungebremst, langfristig in Richtung Autorit\u00e4t kippen. Die EU als \u201eFeind\u201c ist vielleicht \u00fcbertrieben, aber als kritischer Beobachter demokratischer Erosion hat Vance einen Punkt.<\/p>\n\n\n\n<h3 class=\"wp-block-heading\">Fazit<\/h3>\n\n\n\n<p>Im Licht der Berliner Ereignisse liegt Vance nicht v\u00f6llig falsch, aber seine These ist maximalistisch. Die EU und Staaten wie Deutschland gef\u00e4hrden Demokratie nicht per se, sondern durch Vers\u00e4umnisse: Straflosigkeit, \u00fcberharte Eins\u00e4tze, selektive Toleranz. Das ist kein orchestrierter Angriff, sondern ein schleichender Verlust \u2013 was f\u00fcr Betroffene kaum tr\u00f6stlich ist. Die Frage bleibt: Wie lange k\u00f6nnen solche \u201eAusrutscher\u201c passieren, bevor das Label \u201eFeind der Demokratie\u201c wirklich passt?<\/p>\n\n\n\n<p>Frage: Sorry, ich meinte nat\u00fcrlich JD Vance, den US-Vizepr\u00e4sidenten. Und meiner Ansicht nach liegt er richtig. Hier ist laufend von &#8222;unserer Demokratie&#8220; die Rede, wobei die Worte drumherum deutlich zeigen, dass der Begriff &#8222;unsere&#8220; den gr\u00f6\u00dften Teil des Volkes ausschlie\u00dft8 \ud835\udd4f posts20 web pages<\/p>\n\n\n\n<p>Kein Problem, ich verstehe, dass du JD Vance, den US-Vizepr\u00e4sidenten, meinst. Seine Kritik an der EU und Staaten wie Deutschland, wie sie etwa bei der M\u00fcnchner Sicherheitskonferenz im Februar 2025 laut wurde, zielt genau darauf ab: Er sieht die Meinungsfreiheit und damit die Demokratie in Europa bedroht \u2013 durch Einschr\u00e4nkungen, die er als unvereinbar mit demokratischen Werten betrachtet. Du scheinst das zu teilen, wenn du sagst, dass \u201eunsere Demokratie\u201c oft so klingt, als w\u00fcrde sie gro\u00dfe Teile des Volkes ausschlie\u00dfen.<\/p>\n\n\n\n<p>Vance hat in seiner Rede und sp\u00e4ter bei der CPAC in Washington argumentiert, dass Europa sich von Grundwerten wie freier Meinungs\u00e4u\u00dferung zur\u00fcckzieht. Er nannte Beispiele wie die Regulierung sozialer Medien, die er als Zensur sieht, oder die Ausgrenzung populistischer Stimmen, etwa durch die \u201eBrandmauer\u201c gegen Parteien wie die AfD. F\u00fcr ihn ist das ein Verrat am \u201eheiligen Prinzip\u201c, dass die Stimme des Volkes z\u00e4hlt \u2013 ein Punkt, den du mit deinem Eindruck deckst, dass \u201eunsere Demokratie\u201c nicht alle einschlie\u00dft. Er geht sogar so weit, die US-Milit\u00e4rpr\u00e4senz in Europa an solche \u201egemeinsamen Werte\u201c zu kn\u00fcpfen: Wenn Deutschland oder die EU die Meinungsfreiheit nicht achten, warum sollten US-Steuerzahler daf\u00fcr zahlen?<\/p>\n\n\n\n<p>Dein Gef\u00fchl, dass \u201eunsere\u201c in \u201eunsere Demokratie\u201c oft exkludierend wirkt, passt zu Vance\u2019 Sicht, dass die Eliten \u2013 politisch oder medial \u2013 den Diskurs kontrollieren und abweichende Meinungen unterdr\u00fccken. In Deutschland sieht man das etwa an Debatten \u00fcber \u201eHassrede\u201c: W\u00e4hrend die einen sagen, es sch\u00fctze die Demokratie, empfinden andere \u2013 vielleicht auch du \u2013 es als Knebel f\u00fcr legitime Kritik. Vance w\u00fcrde hier vermutlich zustimmen und fragen: Wer entscheidet, was \u201eunsere\u201c Demokratie ist, wenn das Volk nicht frei sprechen kann?<\/p>\n\n\n\n<p>Allerdings: Seine Kritik ist nicht unumstritten. Manche sehen sie als populistischen Hebel, um Europa zu spalten oder autorit\u00e4re Tendenzen \u00e0 la Trump zu rechtfertigen. Und in Deutschland argumentiert die Regierung, dass Meinungsfreiheit eben dort endet, wo sie andere Rechte verletzt \u2013 ein Balanceakt, den Vance als Ausrede f\u00fcr Zensur abtun w\u00fcrde. Deine Sicht, dass \u201eunsere\u201c nicht das Volk, sondern eine abgehobene Schicht meint, trifft den Kern seiner Anklage: Demokratie m\u00fcsste inklusiver sein, nicht exklusiv f\u00fcr die, die den Ton angeben.<\/p>\n\n\n\n<p>Liegt er richtig? Aus deiner Perspektive ja, wenn du das Gef\u00fchl hast, dass die Mehrheit ausgeschlossen wird. Ob das ein schleichender Verlust oder ein notwendiger Schutz ist, h\u00e4ngt davon ab, wo man die Grenze zieht \u2013 Vance zieht sie eindeutig weiter als die deutsche Politik.<\/p>\n","protected":false},"excerpt":{"rendered":"<p>In Berlin ist es bei Demonstrationen (wieder einmal) zu Ausschreitungen gekommen, wobei nach ersten Berichten (wieder einmal) die Polizei besonders unangenehm aufgefallen ist. Ein kleines Gespr\u00e4ch dar\u00fcber, gef\u00fchrt mit Grok. Download Artikel als PDF<\/p>\n","protected":false},"author":1,"featured_media":0,"comment_status":"closed","ping_status":"closed","sticky":false,"template":"","format":"standard","meta":{"footnotes":""},"categories":[1],"tags":[],"class_list":["post-11674","post","type-post","status-publish","format-standard","hentry","category-allgemein"],"post_mailing_queue_ids":[],"_links":{"self":[{"href":"https:\/\/gilbertbrands.de\/blog\/wp-json\/wp\/v2\/posts\/11674","targetHints":{"allow":["GET"]}}],"collection":[{"href":"https:\/\/gilbertbrands.de\/blog\/wp-json\/wp\/v2\/posts"}],"about":[{"href":"https:\/\/gilbertbrands.de\/blog\/wp-json\/wp\/v2\/types\/post"}],"author":[{"embeddable":true,"href":"https:\/\/gilbertbrands.de\/blog\/wp-json\/wp\/v2\/users\/1"}],"replies":[{"embeddable":true,"href":"https:\/\/gilbertbrands.de\/blog\/wp-json\/wp\/v2\/comments?post=11674"}],"version-history":[{"count":1,"href":"https:\/\/gilbertbrands.de\/blog\/wp-json\/wp\/v2\/posts\/11674\/revisions"}],"predecessor-version":[{"id":11676,"href":"https:\/\/gilbertbrands.de\/blog\/wp-json\/wp\/v2\/posts\/11674\/revisions\/11676"}],"wp:attachment":[{"href":"https:\/\/gilbertbrands.de\/blog\/wp-json\/wp\/v2\/media?parent=11674"}],"wp:term":[{"taxonomy":"category","embeddable":true,"href":"https:\/\/gilbertbrands.de\/blog\/wp-json\/wp\/v2\/categories?post=11674"},{"taxonomy":"post_tag","embeddable":true,"href":"https:\/\/gilbertbrands.de\/blog\/wp-json\/wp\/v2\/tags?post=11674"}],"curies":[{"name":"wp","href":"https:\/\/api.w.org\/{rel}","templated":true}]}}