{"id":11578,"date":"2025-02-02T14:58:00","date_gmt":"2025-02-02T13:58:00","guid":{"rendered":"https:\/\/gilbertbrands.de\/blog\/?p=11578"},"modified":"2025-02-02T08:18:40","modified_gmt":"2025-02-02T07:18:40","slug":"die-grosse-wahlverarsche","status":"publish","type":"post","link":"https:\/\/gilbertbrands.de\/blog\/2025\/02\/02\/die-grosse-wahlverarsche\/","title":{"rendered":"Die gro\u00dfe Wahlverarsche"},"content":{"rendered":"\n<p>Im Bummstag wurde \u00fcber &#8222;Migrationswende&#8220;-Antr\u00e4ge von Merz abgestimmt. Mit vollem Erfolg f\u00fcr Friedrich Merz.<\/p>\n\n\n\n<!--more-->\n\n\n\n<p><strong>(1) Augenwischerei.<\/strong> Es braucht \u00fcberhaupt keine Gesetze, und damit f\u00e4ngt die gro\u00dfe Verarsche der bekloppten B\u00fcrger an. Es braucht lediglich eine Regierung und eine Justiz, die die Gesetze endlich einmal einh\u00e4lt, die die gr\u00f6\u00dfte politische Plage, die D erlebt hat &#8211; Angela Merkel &#8211; seit 2015 au\u00dfer Kraft gesetzt hat. H\u00e4tte man sich an diese Gesetze gehalten, h\u00e4tten wir keine Migrantenplage &#8211; w\u00fcrde man sich endlich an sie halten, w\u00e4re sie schnell vorbei.<\/p>\n\n\n\n<p><strong>(2) W\u00e4hlt CDU &#8211; nicht AfD.<\/strong> Der ersten (unverbindlichen) Antrag, der erwartungsgem\u00e4\u00df durchging, hatte nur den Zweck, in Richtung W\u00e4hler &#8222;<em>Schaut her! Ihr braucht keine AfD zu w\u00e4hlen! Mit uns geht es auch!<\/em>&#8220; zu signalisieren. Ich bin ziemlich sicher, dass sich eine Reihe Leute nun zur\u00fcck und ihr schlechtes Gewissen, dass sie vielleicht AfD gew\u00e4hlt h\u00e4tten, abgelegt haben. Punkt f\u00fcr Merz &#8211; nur hat das selbst in der AfD keiner begriffen.<\/p>\n\n\n\n<p>Der zweite (verbindliche) Antrag ist dann genauso erwartungsgem\u00e4\u00df NICHT durchgegangen, denn Merz hat(te) \u00fcberhaupt nicht vor, gegen die Migranten zu mobilisieren.<\/p>\n\n\n\n<p><strong>(3) W\u00e4hlt CDU &#8211; nicht Gr\u00fcn.<\/strong> Die Gr\u00fcnen sind genau in der erwartbaren (und erwarteten) Form Amok gelaufen, mit Belagerung der CDU-Zentrale und Forderungen nach CDU-Verbot. &#8222;<em>Schaut her! Die Gr\u00fcnen sind keine Demokraten, sondern lupenreine Faschisten! W\u00e4hlt die blo\u00df nicht!<\/em>&#8220; ist hier das Signal. Ich bin allerdings ziemlich sicher, dass die lupenreinen Faschisten der Gr\u00fcnen und die lupenreinen Stalinisten der SPD sich nicht bei der Wahl anders besinnen, weshalb sich die CDU auch (erwartbar) durch die (erwartbare) Ablehnung des verbindlichen Antrags die T\u00fcren offen gelassen hat, doch nach der Wahl endlich die <a rel=\"noreferrer noopener\" aria-label=\"Operation Barbarossa (\u00f6ffnet in neuem Tab)\" href=\"https:\/\/de.wikipedia.org\/wiki\/Unternehmen_Barbarossa\" target=\"_blank\">Operation Barbarossa<\/a> starten zu k\u00f6nnen, denn etwas kriegsgeileres als Gr\u00fcne und Rote gibt es nicht.<\/p>\n\n\n\n<p><strong>(4) W\u00e4hlt nicht BSW,<\/strong> denn der Laden hat sich erwartungsgem\u00e4\u00df erneut durch Verrat seiner Versprechen disqualifiziert.<\/p>\n\n\n\n<hr class=\"wp-block-separator\"\/>\n\n\n\n<p>Manche Kommentatoren bezeichnen die Farce als Wiederkehr der parlamentarisch-demokratischen Systems. V\u00f6lliger Bl\u00f6dsinn! Etwas anderes als dass den Herrschaften (und D\u00e4mlichkeiten) die  Bev\u00f6lkerung und ihre Sorgen mehr als schei\u00dfegal ist, ist damit nicht gezeigt worden. <\/p>\n\n\n\n<p>Vom Annalenchen wird gemeldet, <a rel=\"noreferrer noopener\" aria-label=\"dass sie Angst (\u00f6ffnet in neuem Tab)\" href=\"https:\/\/www.spiegel.de\/politik\/annalena-baerbock-beklagt-zu-wenig-schutz-fuer-politikerinnen-a-d7231ca7-c83d-4807-a446-b8239d4e81da\" target=\"_blank\">dass sie Angst<\/a>, zum Teil sogar Todesangst vor ihrer Bev\u00f6lkerung, die ihr nach eigenen Worten schei\u00dfegal ist, hat. Das ist letztlich das, was die Gr\u00fcnen mit ihrem st\u00e4ndigen Sch\u00fcren von Hass in der Bev\u00f6lkerung und ihrer konsequenten Politik gegen das Land erreicht haben: anstatt im Falle eines tats\u00e4chlichen Anschlags Emp\u00f6rung und Abscheu zu empfinden, d\u00fcrfte bei vielen inzwischen eher &#8222;klammheimliche Freude&#8220; herrschen, die um so gr\u00f6\u00dfer ausf\u00e4llt, je unappetitlicher die Details sind. Und mal ganz offen: durch die st\u00e4ndige Politik &#8222;gegen Hass und Hetze&#8220; sitzen Hass und Hetze inzwischen derart tief in der Bev\u00f6lkerung selbst, dass man sich eigentlich wundern muss, dass nicht st\u00e4ndig Schl\u00e4gereien vor Wahlkampfst\u00e4nden und anderswo stattfinden. In immer mehr Leuten d\u00fcrfte der (bei den Gr\u00fcnen und Roten ohnehin schon \u00fcberm\u00e4\u00dfig vorhandene) Drang zunehmen, dem Gegen\u00fcber kurzerhand die Fresse zu polieren, weil ruhige und selbst emotional aufgeheizte, aber ansonsten normale Gespr\u00e4che nicht mehr m\u00f6glich sind.<\/p>\n\n\n\n<p>Deutschland heute &#8211; ein Land, in dem kaum noch jemand ernsthaft leben m\u00f6chte.<\/p>\n\n\n\n<hr class=\"wp-block-separator\"\/>\n\n\n\n<p>PS: wie wahr meine Einsch\u00e4tzung ist, zeigt dieser Bericht:<\/p>\n\n\n\n<p><a href=\"https:\/\/reitschuster.de\/post\/ertappt-merz-und-gruene-vor-kampfabstimmung-in-privater-kuschelrunde\/\">https:\/\/reitschuster.de\/post\/ertappt-merz-und-gruene-vor-kampfabstimmung-in-privater-kuschelrunde\/<\/a><\/p>\n","protected":false},"excerpt":{"rendered":"<p>Im Bummstag wurde \u00fcber &#8222;Migrationswende&#8220;-Antr\u00e4ge von Merz abgestimmt. Mit vollem Erfolg f\u00fcr Friedrich Merz. Download Artikel als PDF<\/p>\n","protected":false},"author":1,"featured_media":0,"comment_status":"closed","ping_status":"closed","sticky":false,"template":"","format":"standard","meta":{"footnotes":""},"categories":[1],"tags":[],"class_list":["post-11578","post","type-post","status-publish","format-standard","hentry","category-allgemein"],"post_mailing_queue_ids":[],"_links":{"self":[{"href":"https:\/\/gilbertbrands.de\/blog\/wp-json\/wp\/v2\/posts\/11578","targetHints":{"allow":["GET"]}}],"collection":[{"href":"https:\/\/gilbertbrands.de\/blog\/wp-json\/wp\/v2\/posts"}],"about":[{"href":"https:\/\/gilbertbrands.de\/blog\/wp-json\/wp\/v2\/types\/post"}],"author":[{"embeddable":true,"href":"https:\/\/gilbertbrands.de\/blog\/wp-json\/wp\/v2\/users\/1"}],"replies":[{"embeddable":true,"href":"https:\/\/gilbertbrands.de\/blog\/wp-json\/wp\/v2\/comments?post=11578"}],"version-history":[{"count":3,"href":"https:\/\/gilbertbrands.de\/blog\/wp-json\/wp\/v2\/posts\/11578\/revisions"}],"predecessor-version":[{"id":11581,"href":"https:\/\/gilbertbrands.de\/blog\/wp-json\/wp\/v2\/posts\/11578\/revisions\/11581"}],"wp:attachment":[{"href":"https:\/\/gilbertbrands.de\/blog\/wp-json\/wp\/v2\/media?parent=11578"}],"wp:term":[{"taxonomy":"category","embeddable":true,"href":"https:\/\/gilbertbrands.de\/blog\/wp-json\/wp\/v2\/categories?post=11578"},{"taxonomy":"post_tag","embeddable":true,"href":"https:\/\/gilbertbrands.de\/blog\/wp-json\/wp\/v2\/tags?post=11578"}],"curies":[{"name":"wp","href":"https:\/\/api.w.org\/{rel}","templated":true}]}}