{"id":11527,"date":"2025-01-26T07:01:00","date_gmt":"2025-01-26T06:01:00","guid":{"rendered":"https:\/\/gilbertbrands.de\/blog\/?p=11527"},"modified":"2025-01-21T07:50:50","modified_gmt":"2025-01-21T06:50:50","slug":"der-fluch-der-fruehen-geburt","status":"publish","type":"post","link":"https:\/\/gilbertbrands.de\/blog\/2025\/01\/26\/der-fluch-der-fruehen-geburt\/","title":{"rendered":"Verpasste Chance"},"content":{"rendered":"\n<p>Das US-Rechtssystem ist schon so eine Sache f\u00fcr sich. So darf man nach US-Recht ungestraft nicht-US-B\u00fcrger in anderen L\u00e4ndern abstechen. Macht ein US-Boy das in einem &#8222;befreundeten Land&#8220;, darf er sich sogar erwischen lassen und geht trotzdem straffrei aus, wie mehrere durch US-Soladaten abgestochene Bundesb\u00fcrger belegen. Aber das ist noch nicht mal alles:<\/p>\n\n\n\n<!--more-->\n\n\n\n<p>Die USA sind tats\u00e4chlich das Land der unbegrenzten Schei\u00dfe. Da gibt es Massenm\u00f6rder wie Anthony Fauci, hinter dessen hellem Licht selbst ein Josef Mengele nur eine tr\u00fcbe, kaum sichtbare Tranfunzel abgibt, den in Mord und Korruption in jeder Gr\u00f6\u00dfenordnung verwickelte Biden-Clan und eine ganze Reihe anderer \u00e4u\u00dferst unappetitlicher Zeitgenossen, bei denen man nur darauf wartet, sie endlich vor ein Gericht gezerrt werrden. Und was mach dieser ecklige senile Drecksack, der f\u00fcr alles die Verantwortung tr\u00e4gt, auf den letzten Metern seiner Pr\u00e4sidentschaft? Er begnadigt alle! Und das ist nach US-Recht m\u00f6glich und nicht rechtswidrig!<\/p>\n\n\n\n<p>Das ist schon eine perverse Nummer allerfeinster Art f\u00fcr sich: ich habe bisher immer gedacht, Begnadigungen seien etwas f\u00fcr Leute, die eines Verbrechens \u00fcberf\u00fchrt sind, und zwar offiziell und gerichtlich, und daf\u00fcr verurteilt wurden. Und hier? Hier werden schon Massenm\u00f6rder und korrupte Gro\u00dfgangster, die die ganze Welt gesch\u00e4digt haben, &#8222;begnadigt&#8220;, bevor \u00fcberhaupt ein Verfahren eingeleitet wurde. Sachlich ist das keine Begnadigung, sondern eine nachtr\u00e4gliche Erm\u00e4chtigung zum millionenfachen Mord und anderem. <\/p>\n\n\n\n<p>Anscheinend geht selbst dem Oberverbrecher auf, dass das ein G&#8217;schm\u00e4ckle hat und er weist in seinen &#8222;Begnadigungsurkunden&#8220; ausdr\u00fccklich darauf hin, dass das keinerlei Eingest\u00e4ndnis irgendeiner Schuld sei. Toll! Besser kann man nicht dokumentieren, dass man da tollw\u00fctige Hunde zu keimfreien Zonen erkl\u00e4rt. <\/p>\n\n\n\n<p>Allerdings hat die scheidende neue Regierung der Bummsrepublik nicht ganz aufgepasst: Adolf Hitler &amp; Kumpane sind seit fast 80 Jahren tot und als Massenm\u00f6rder usw. verurteilt. Vielleicht h\u00e4tte man Biden auch noch ein paar Formulare unterschieben sollen, Hitler, Himmler, G\u00f6ring und die anderen posthum zu begnadigen. H\u00e4tte denen pers\u00f6nlich zwar nichts mehr gen\u00fctzt, w\u00fcrde aber sachlich sehr gut zum Rechtssystem des US-Faschistenstaates passen, w\u00e4re eine echte Begnadigung im eigentlichen Sinn und w\u00fcrde die Deutschen endlich von der Erbschuld entlasten. Kriegsverbrechen? V\u00f6lkermord? Haben wir nichts mit zu tun! Hat der Chef so gewollt, und der ist begandigt und ich habe schlie\u00dflich nur im Auftrag gehandelt, wenn es auch Spa\u00df gemacht hat. Irgendwie eine verpasste Chance, oder?<\/p>\n\n\n\n<p>Und frei von der Erbschuld w\u00e4re es moralisch auch viel einfacher, die Bev\u00f6lkerung gegen Russland aufzuhetzen und endlich den Krieg bis zum Endsieg anzufangen. Hat die Regierung da nicht aufgepasst? Oder denkt man eher dar\u00fcber nach, die Verbrecher in den eigenen Reihen auf \u00e4hnliche Weise aus der Verantwortung zu ziehen?<\/p>\n\n\n\n<hr class=\"wp-block-separator\"\/>\n\n\n\n<p>Die Sch\u00e4tzungen der &#8222;Wirksamkeit&#8220; der Corona-Impfstoffe, f\u00fcr deren Einsatz Fauci die Hauptverantwortung tr\u00e4gt, liegt alleine in den USA bei ca. 3,8 Mio Impftoten, wobei den Veranwortlichen bewusst war, was dieses Zeug anrichtet. Die Bezeichnung &#8222;Massenm\u00f6rder&#8220; ist wohl durchaus gerechtfertigt<\/p>\n\n\n\n<figure class=\"wp-block-embed-wordpress wp-block-embed is-type-wp-embed is-provider-tkp-at\"><div class=\"wp-block-embed__wrapper\">\n<blockquote class=\"wp-embedded-content\" data-secret=\"e1MgIYcb3K\"><a href=\"https:\/\/tkp.at\/2025\/01\/18\/impfstoffexperten-wussten-um-gefaehrlichkeit-der-mrna-corona-praeparate\/\">Impfstoffexperten wussten um Gef\u00e4hrlichkeit der mRNA-Corona-Pr\u00e4parate<\/a><\/blockquote><iframe loading=\"lazy\" class=\"wp-embedded-content\" sandbox=\"allow-scripts\" security=\"restricted\" style=\"position: absolute; visibility: hidden;\" title=\"&#8222;Impfstoffexperten wussten um Gef\u00e4hrlichkeit der mRNA-Corona-Pr\u00e4parate&#8220; &#8212; tkp.at\" src=\"https:\/\/tkp.at\/2025\/01\/18\/impfstoffexperten-wussten-um-gefaehrlichkeit-der-mrna-corona-praeparate\/embed\/#?secret=77iARyxu07#?secret=e1MgIYcb3K\" data-secret=\"e1MgIYcb3K\" width=\"600\" height=\"338\" frameborder=\"0\" marginwidth=\"0\" marginheight=\"0\" scrolling=\"no\"><\/iframe>\n<\/div><\/figure>\n\n\n\n<p><a href=\"https:\/\/transition-news.org\/covid-impfstoffe-sind-biologische-massenvernichtswaffen\">https:\/\/transition-news.org\/covid-impfstoffe-sind-biologische-massenvernichtswaffen<\/a><\/p>\n\n\n\n<p>\u00dcber den Biden-Clan und seine T\u00e4tigkeit in der Ukraine muss man wohl nicht mehr viel sagen. Alleine der Anteil der USA an den Kriegskosten liegt bei 175 Mrd. US-$, davon 66 Mrd. US-$ direkte Hilfe, also keine Kredite, f\u00fcr die zum gro\u00dfen Teil die EU-Staaten gerade zu stehen haben. Gemessen an den korrupten Aktivit\u00e4ten der Bidens in der Ukraine darf man wohl ohne weiteres davon ausgehen, dass alleine von dieser Summe vermutlich um die 10% auf den Konten der Bidens gelandet sind.<\/p>\n\n\n\n<p><a href=\"https:\/\/rtde.site\/international\/233671-umfrage-mehrheit-us-amerikaner-haelt\/\">https:\/\/rtde.site\/international\/233671-umfrage-mehrheit-us-amerikaner-haelt\/<\/a><\/p>\n\n\n\n<p>Ich habe hier jeweils nur den die USA betreffenden Teil der Kriminalit\u00e4t erw\u00e4hnt, weil dieser von der Begnadigung betroffen sind. Mord und sonstige Straftaten gegen Dritte au\u00dferhalb der USA sind ohnehin straffrei.<\/p>\n\n\n\n<p>Zu den Verbrechern in der deutschen Regierung, beschr\u00e4nkt auf das Bundesgesundheitsministerium, siehe hier:<\/p>\n\n\n\n<p><a href=\"https:\/\/www.achgut.com\/artikel\/eine_orgie_von_milliarden_verprassen_und_versagen\">https:\/\/www.achgut.com\/artikel\/eine_orgie_von_milliarden_verprassen_und_versagen<\/a><\/p>\n\n\n\n<p>Und das ist nur ein Ministerium! Lediglich ein Ministerium d\u00fcrfte bei genauerem Hinsehen straffrei ausgehen: das Au\u00dfenministerium. Deren Leiterin f\u00e4llt in ihrer Infantilit\u00e4t sicher unter das Jugendstrafrecht und ist  nicht straff\u00e4hig.<\/p>\n","protected":false},"excerpt":{"rendered":"<p>Das US-Rechtssystem ist schon so eine Sache f\u00fcr sich. So darf man nach US-Recht ungestraft nicht-US-B\u00fcrger in anderen L\u00e4ndern abstechen. Macht ein US-Boy das in einem &#8222;befreundeten Land&#8220;, darf er sich sogar erwischen lassen und geht trotzdem straffrei aus, wie mehrere durch US-Soladaten abgestochene Bundesb\u00fcrger belegen. Aber das ist noch nicht mal alles: Download Artikel &hellip; <a href=\"https:\/\/gilbertbrands.de\/blog\/2025\/01\/26\/der-fluch-der-fruehen-geburt\/\" class=\"more-link\"><span class=\"screen-reader-text\">Verpasste Chance<\/span> weiterlesen <span class=\"meta-nav\">&rarr;<\/span><\/a><\/p>\n","protected":false},"author":1,"featured_media":0,"comment_status":"closed","ping_status":"closed","sticky":false,"template":"","format":"standard","meta":{"footnotes":""},"categories":[1],"tags":[],"class_list":["post-11527","post","type-post","status-publish","format-standard","hentry","category-allgemein"],"post_mailing_queue_ids":[],"_links":{"self":[{"href":"https:\/\/gilbertbrands.de\/blog\/wp-json\/wp\/v2\/posts\/11527","targetHints":{"allow":["GET"]}}],"collection":[{"href":"https:\/\/gilbertbrands.de\/blog\/wp-json\/wp\/v2\/posts"}],"about":[{"href":"https:\/\/gilbertbrands.de\/blog\/wp-json\/wp\/v2\/types\/post"}],"author":[{"embeddable":true,"href":"https:\/\/gilbertbrands.de\/blog\/wp-json\/wp\/v2\/users\/1"}],"replies":[{"embeddable":true,"href":"https:\/\/gilbertbrands.de\/blog\/wp-json\/wp\/v2\/comments?post=11527"}],"version-history":[{"count":2,"href":"https:\/\/gilbertbrands.de\/blog\/wp-json\/wp\/v2\/posts\/11527\/revisions"}],"predecessor-version":[{"id":11531,"href":"https:\/\/gilbertbrands.de\/blog\/wp-json\/wp\/v2\/posts\/11527\/revisions\/11531"}],"wp:attachment":[{"href":"https:\/\/gilbertbrands.de\/blog\/wp-json\/wp\/v2\/media?parent=11527"}],"wp:term":[{"taxonomy":"category","embeddable":true,"href":"https:\/\/gilbertbrands.de\/blog\/wp-json\/wp\/v2\/categories?post=11527"},{"taxonomy":"post_tag","embeddable":true,"href":"https:\/\/gilbertbrands.de\/blog\/wp-json\/wp\/v2\/tags?post=11527"}],"curies":[{"name":"wp","href":"https:\/\/api.w.org\/{rel}","templated":true}]}}