{"id":11431,"date":"2025-01-01T16:01:00","date_gmt":"2025-01-01T15:01:00","guid":{"rendered":"https:\/\/gilbertbrands.de\/blog\/?p=11431"},"modified":"2025-01-01T08:26:58","modified_gmt":"2025-01-01T07:26:58","slug":"never-touch-a-running-system","status":"publish","type":"post","link":"https:\/\/gilbertbrands.de\/blog\/2025\/01\/01\/never-touch-a-running-system\/","title":{"rendered":"Never touch a running system!"},"content":{"rendered":"\n<p>oder: wenn 2024 schon beschissen war, sollte man nichts unternehmen, um 2025 besser werden zu lassen. Hier ein aktuelles Beispiel:<\/p>\n\n\n\n<!--more-->\n\n\n\n<p>Vermutlich hat der eine oder andere in der j\u00e4hrlichen Bettelbriefsammlung auch das eine oder andere Schreiben der &#8222;Deutsche Kriegsgr\u00e4berf\u00fcrsorge&#8220; oder anderer Vereine, die sich um Soldatenfriedh\u00f6fe k\u00fcmmern. Das schien bislang v\u00f6llig legal zu sein, wobei ich mit aber \u00fcberlege, den Verein beim n\u00e4chsten Mal beim n\u00e4chsten Petzportal zu melden.<\/p>\n\n\n\n<p>Grund: es gibt auch andere Gruppen, die sich dem Thema annehmen und in diesem Jahr durch eine Lichteraktion aufmerksam machen wollten:<\/p>\n\n\n\n<figure class=\"wp-block-image size-large\"><img loading=\"lazy\" decoding=\"async\" width=\"504\" height=\"674\" src=\"https:\/\/gilbertbrands.de\/blog\/wp-content\/uploads\/2025\/01\/grafik.png\" alt=\"\" class=\"wp-image-11432\" srcset=\"https:\/\/gilbertbrands.de\/blog\/wp-content\/uploads\/2025\/01\/grafik.png 504w, https:\/\/gilbertbrands.de\/blog\/wp-content\/uploads\/2025\/01\/grafik-224x300.png 224w\" sizes=\"auto, (max-width: 504px) 100vw, 504px\" \/><figcaption><a href=\"https:\/\/www.facebook.com\/Militaergeschichte18131945\" target=\"_blank\" rel=\"noreferrer noopener\" aria-label=\" (\u00f6ffnet in neuem Tab)\">https:\/\/www.facebook.com\/Militaergeschichte18131945<\/a><\/figcaption><\/figure>\n\n\n\n<p>Ganz offen wurde die Aktion angek\u00fcndigt, Spenden gesammelt und die Lichter auf Milit\u00e4rfriedh\u00f6fe gesetzt. Was andere Kameraden weniger begeisterte:<\/p>\n\n\n\n<blockquote class=\"wp-block-quote is-layout-flow wp-block-quote-is-layout-flow\"><p>Ein Lichtermeer auf dem Waldfriedhof Halbe sorgt f\u00fcr ein Gro\u00dfaufgebot der Polizei: Etwa 5.500 LED-Grabkerzen werden eingesammelt und in einem Container entsorgt.<\/p><cite><a href=\"https:\/\/rtde.site\/inland\/231330-empoerung-nach-polizeieinsatz-im-waldfriedhof-beamte-werfen-5500-grab-lichter-weg\/\" target=\"_blank\" rel=\"noreferrer noopener\" aria-label=\" (\u00f6ffnet in neuem Tab)\">https:\/\/rtde.site\/inland\/231330-empoerung-nach-polizeieinsatz-im-waldfriedhof-beamte-werfen-5500-grab-lichter-weg\/<\/a><\/cite><\/blockquote>\n\n\n\n<p>Die Begr\u00fcndung f\u00fcr diesen Staatsvandalismus ist mehr als als den Haaren herbei gezogen. Da 5.500 Lichter wohl kaum von einem alleine aufgestellt werden konnten, liegt f\u00fcr die Bullerei<\/p>\n\n\n\n<blockquote class=\"wp-block-quote is-layout-flow wp-block-quote-is-layout-flow\"><p>ein &#8222;Anfangsverdacht einer Versammlung&#8220; vor. Gegen das Versammlungsverbot sei versto\u00dfen worden, weil mutma\u00dflich mehrere Personen allein die vielen Kerzen aufgestellt h\u00e4tten. &#8222;Es m\u00fcssen keine Redner oder Zuh\u00f6rer vor Ort sein.&#8220;<\/p><\/blockquote>\n\n\n\n<p>Der Polizeisprecher entbl\u00f6det sich auch nicht, Folgendes zur Kenntnis zu geben:<\/p>\n\n\n\n<blockquote class=\"wp-block-quote is-layout-flow wp-block-quote-is-layout-flow\"><p>&#8222;Es tut uns leid, dass wir auch die Kerzen entfernt haben, die berechtigt aufgestellt wurden&#8220;, sagte er am Montag. Er bat aber zugleich um Verst\u00e4ndnis. Es habe sich nicht unterscheiden lassen, welche Kerzen zur &#8222;nicht erlaubten Versammlung&#8220; geh\u00f6rten. Deshalb seien alle entfernt worden. Die Kerzen, sofern sie noch intakt sind, k\u00f6nnten von den Organisatoren abgeholt werden. <\/p><\/blockquote>\n\n\n\n<p>Es gibt also f\u00fcr diesen Staat Leute, die &#8222;berechtigt trauern&#8220;, weil sie wissen, wo ihre Angeh\u00f6rigen verscharrt wurden, und solche, die &#8222;unberechtigt trauern&#8220;, weil die Angeh\u00f6rigen vielleicht irgendwo in Russland liegen und die deshalb auf deutschem Boden kein Recht f\u00fcr Trauer h\u00e4tten. <\/p>\n\n\n\n<p>Caedite eos! Novit enim Dominus qui sunt eius. (T\u00f6tet sie alle! Gott kennt die seinen schon.) meinte schon der p\u00e4pstliche Gesandte Abt Arnaud Amaury in den Ketzerkreuzz\u00fcgen. Und da sind wir offenbar wieder angekommen. Wer in diesem Jahr zu einer Beerdigung geht, sollte sich vorher erkundigen, ob die auch angemeldet ist und am Friedhofseingang von der Polizei auf AfD-Anh\u00e4nger kontrolliert wird. Es k\u00f6nnte sonst passieren, dass es sich um eine  nicht erlaubte Versammlung handelt und die Polizei anschlie\u00dfend den Sarg beschlagnahmt und die Leiche auf den Komposthaufen wirft.<\/p>\n\n\n\n<blockquote class=\"wp-block-quote is-layout-flow wp-block-quote-is-layout-flow\"><p>&#8222;Sollte die Beerdigung berechtigt stattgefunden haben, k\u00f6nnen die Angeh\u00f6rigen den Sarg auf der n\u00e4chsten Wache abholen, sofern er noch intakt ist.&#8220;<\/p><\/blockquote>\n\n\n\n<p>fehlt noch in dieser Ansage. <\/p>\n","protected":false},"excerpt":{"rendered":"<p>oder: wenn 2024 schon beschissen war, sollte man nichts unternehmen, um 2025 besser werden zu lassen. Hier ein aktuelles Beispiel: Download Artikel als PDF<\/p>\n","protected":false},"author":1,"featured_media":0,"comment_status":"closed","ping_status":"closed","sticky":false,"template":"","format":"standard","meta":{"footnotes":""},"categories":[1],"tags":[],"class_list":["post-11431","post","type-post","status-publish","format-standard","hentry","category-allgemein"],"post_mailing_queue_ids":[],"_links":{"self":[{"href":"https:\/\/gilbertbrands.de\/blog\/wp-json\/wp\/v2\/posts\/11431","targetHints":{"allow":["GET"]}}],"collection":[{"href":"https:\/\/gilbertbrands.de\/blog\/wp-json\/wp\/v2\/posts"}],"about":[{"href":"https:\/\/gilbertbrands.de\/blog\/wp-json\/wp\/v2\/types\/post"}],"author":[{"embeddable":true,"href":"https:\/\/gilbertbrands.de\/blog\/wp-json\/wp\/v2\/users\/1"}],"replies":[{"embeddable":true,"href":"https:\/\/gilbertbrands.de\/blog\/wp-json\/wp\/v2\/comments?post=11431"}],"version-history":[{"count":1,"href":"https:\/\/gilbertbrands.de\/blog\/wp-json\/wp\/v2\/posts\/11431\/revisions"}],"predecessor-version":[{"id":11433,"href":"https:\/\/gilbertbrands.de\/blog\/wp-json\/wp\/v2\/posts\/11431\/revisions\/11433"}],"wp:attachment":[{"href":"https:\/\/gilbertbrands.de\/blog\/wp-json\/wp\/v2\/media?parent=11431"}],"wp:term":[{"taxonomy":"category","embeddable":true,"href":"https:\/\/gilbertbrands.de\/blog\/wp-json\/wp\/v2\/categories?post=11431"},{"taxonomy":"post_tag","embeddable":true,"href":"https:\/\/gilbertbrands.de\/blog\/wp-json\/wp\/v2\/tags?post=11431"}],"curies":[{"name":"wp","href":"https:\/\/api.w.org\/{rel}","templated":true}]}}