{"id":1142,"date":"2017-11-02T12:29:34","date_gmt":"2017-11-02T11:29:34","guid":{"rendered":"http:\/\/gilbertbrands.de\/blog\/?p=1142"},"modified":"2017-11-03T09:52:54","modified_gmt":"2017-11-03T08:52:54","slug":"ist-berlin-noch-eine-deutsche-stadt","status":"publish","type":"post","link":"https:\/\/gilbertbrands.de\/blog\/2017\/11\/02\/ist-berlin-noch-eine-deutsche-stadt\/","title":{"rendered":"Ist Berlin noch eine deutsche Stadt?"},"content":{"rendered":"<p>\u00dcber viele Jahre hinweg bin ich im Winter (und manchmal auch im Sommer) eine Woche nach Berlin gefahren. <!--more-->Immerhin handelt es sich um die deutsche Hauptstadt mit einer Vielzahl von Museen und sonstigen kulturellen und anderen Sehensw\u00fcrdigkeiten, wo man bequem den Tag abh\u00e4ngen kann, auch wenn inzwischen einige s\u00fcdl\u00e4ndische Schlampen\u00b9\u207e in Abrede stellen, dass Deutschland je eine Kultur besessen habe.\u00b2\u207e Vor einigen Jahren habe ich diese Reisen allerdings eingestellt.<\/p>\n<p>Schon damals war es kein Problem, mehr als eine halbe Stunde mit Bus oder Bahn unterwegs zu sein, ohne ein einziges deutsches Wort zu h\u00f6ren, und wenn, dass war es meist ein deutscher Obdachloser, der um ein paar Cent bettelte. Oder kilometerlang durch relativ zentrumsnahe Gegenden zu radeln oder zu gehen, ohne mitteleurop\u00e4ische Gesichter oder au\u00dfer einem Penny-Supermarkt (jeweils mit 1-2 Securities hinter jeder Kassiererin) ein Gesch\u00e4ft mit deutschem Namen zu sehen. Einmal sprach mich eine Gruppe t\u00fcrkischer Sch\u00fclerinnen in der N\u00e4he eines Museums gar mit &#8222;Entschuldigung! Sprechen Sie Deutsch?&#8220; an, wobei sie wohl nur von einer 50:50-Chance ausgegangen waren, dass ich mit &#8222;Ja&#8220; antworten w\u00fcrde. Auch konnte man sich auf einer belebten Hauptstra\u00dfe in ein Stra\u00dfencafe setzen und stundenlang Dealern direkt auf dem Gehweg bei der Abwicklung ihrer Gesch\u00e4fte zusehen, ohne dass sich irgendjemand daf\u00fcr interessierte, genauso wenig wie f\u00fcr einige T\u00fcrken, die ganz offen mit der Eisens\u00e4ge ein Fahrradschloss aufs\u00e4gten. Da der Wohnmobilstellplatz etwas abgelegen war, ging ich zumindest Abends zuletzt nicht mehr ohne einen einsatzbereiten Teleskopschlagstock &#8222;au\u00dfer Haus&#8220;. Irgendwann machte der Womo-Stellplatz zu, der n\u00e4chste war noch weiter drau\u00dfen, und mir reichte es mit Berlin.<\/p>\n<p>Inzwischen scheint es noch schlimmer geworden zu sein. K\u00fcrzlich beklagte sich Unsymphatietr\u00e4ger Jens Spahn, dass man in der deutschen Hauptstadt in vielen deutschen Lokalen mit deutscher Belegschaft keine deutschsprachige Speisekarte mehr finde und auch nicht mehr in Deutsch bedient w\u00fcrde. Diese Arroganz, die eigene Sprache zu verleugnen, leisten sich noch nicht mal andere europ\u00e4ische Hauptst\u00e4dte. Die Krone setzen dem aber <a href=\"https:\/\/www.facebook.com\/Prof.Dr.Joerg.Meuthen\/photos\/a.554885501326826.1073741828.554345401380836\/917400705075302\/?type=3&amp;theater\">wohl einige in den Medien best\u00e4tigte Berichte auf<\/a>, nach denen der ausl\u00e4ndische Mob inzwischen sogar die Polizei in Berlin \u00fcbernimmt. Nach Ansicht einiger ungenannter Polizisten der Aufbruch in eine korrupte Verbrecherwelt, in der arabische und t\u00fcrkische &#8222;Gesetzesh\u00fcter&#8220; daf\u00fcr sorgen, dass ihre kriminellen Clans unbehelligt Schalten und Walten k\u00f6nnen. Und in eine Welt, in der ein so genannter &#8222;deutscher Polizist&#8220; sich nicht mehr mit einem deutschen B\u00fcrger verst\u00e4ndigen kann, wenn er nicht will.<\/p>\n<p>Erg\u00e4nzung: <a href=\"http:\/\/www.focus.de\/politik\/deutschland\/anonymer-brief-lka-beamter-warnt-berliner-polizei-wird-von-kriminellen-clans-unterwandert_id_7794757.html?fbc=fb-shares\">es scheint noch schlimmer zu sein, als bef\u00fcrchtet.<\/a><\/p>\n<p>\u00b9\u207e Nach einem Urteil des Landgerichts Hamburg stellt es keine Beleidigung oder sonst etwas Sch\u00e4ndliches dar, wenn man Frau Alice Weidel, Mitglied des Bundestags und somit zust\u00e4ndig f\u00fcr das Schaffen des Rechts, nach dem diese so genannten Richter zu urteilen haben, als &#8222;Nazi-Schlampe&#8220; bezeichnet, weil &#8222;jeder wei\u00df, wie das gemeint ist&#8220;. So besehen ist es wohl in Ordnung, wenn ich zuk\u00fcnftig, statt Namen zu nennen, einfach von arabischen, t\u00fcrkischen oder Moslemschlampen spreche, denn da wird auch jeder zu wissen meinen, wie &#8222;das gemeint ist&#8220;.<\/p>\n<p>\u00b2\u207e In Bezug auf die Gegenwart ist das vielleicht gar nicht abwegig, denn wenn im heutigen deutschen Kulturbetrieb Namen genannt werden, handelt es sich in mehr als 90% der F\u00e4lle nicht um deutsche Namen.<\/p>\n","protected":false},"excerpt":{"rendered":"<p>\u00dcber viele Jahre hinweg bin ich im Winter (und manchmal auch im Sommer) eine Woche nach Berlin gefahren. Download Artikel als PDF<\/p>\n","protected":false},"author":1,"featured_media":0,"comment_status":"open","ping_status":"open","sticky":false,"template":"","format":"standard","meta":{"footnotes":""},"categories":[12],"tags":[],"class_list":["post-1142","post","type-post","status-publish","format-standard","hentry","category-gesellschaft"],"post_mailing_queue_ids":[],"_links":{"self":[{"href":"https:\/\/gilbertbrands.de\/blog\/wp-json\/wp\/v2\/posts\/1142","targetHints":{"allow":["GET"]}}],"collection":[{"href":"https:\/\/gilbertbrands.de\/blog\/wp-json\/wp\/v2\/posts"}],"about":[{"href":"https:\/\/gilbertbrands.de\/blog\/wp-json\/wp\/v2\/types\/post"}],"author":[{"embeddable":true,"href":"https:\/\/gilbertbrands.de\/blog\/wp-json\/wp\/v2\/users\/1"}],"replies":[{"embeddable":true,"href":"https:\/\/gilbertbrands.de\/blog\/wp-json\/wp\/v2\/comments?post=1142"}],"version-history":[{"count":2,"href":"https:\/\/gilbertbrands.de\/blog\/wp-json\/wp\/v2\/posts\/1142\/revisions"}],"predecessor-version":[{"id":1144,"href":"https:\/\/gilbertbrands.de\/blog\/wp-json\/wp\/v2\/posts\/1142\/revisions\/1144"}],"wp:attachment":[{"href":"https:\/\/gilbertbrands.de\/blog\/wp-json\/wp\/v2\/media?parent=1142"}],"wp:term":[{"taxonomy":"category","embeddable":true,"href":"https:\/\/gilbertbrands.de\/blog\/wp-json\/wp\/v2\/categories?post=1142"},{"taxonomy":"post_tag","embeddable":true,"href":"https:\/\/gilbertbrands.de\/blog\/wp-json\/wp\/v2\/tags?post=1142"}],"curies":[{"name":"wp","href":"https:\/\/api.w.org\/{rel}","templated":true}]}}