{"id":1123,"date":"2017-10-06T11:46:52","date_gmt":"2017-10-06T09:46:52","guid":{"rendered":"http:\/\/gilbertbrands.de\/blog\/?p=1123"},"modified":"2017-10-06T11:46:52","modified_gmt":"2017-10-06T09:46:52","slug":"endloesung-der-afd-frage-in-sicht","status":"publish","type":"post","link":"https:\/\/gilbertbrands.de\/blog\/2017\/10\/06\/endloesung-der-afd-frage-in-sicht\/","title":{"rendered":"Endl\u00f6sung der AfD-Frage in Sicht?"},"content":{"rendered":"<p>Bitte versteht die Frage als Leser genau in dem d\u00e9j\u00e0 vue, das sich spontan einstellt, liebe Leser. Anscheinend geht es den sogenannten Demokraten nur noch darum, dem Parteivorsitzenden melden zu k\u00f6nnen: <!--more-->&#8222;Herr\/Frau\/&#8230;17 andere Geschlechter m\u00f6glich&#8230; , ich melde freudig, dass mein Bezirk AfD-ler-frei ist!&#8220;<\/p>\n<p>Es ist wirklich kaum noch zu glauben, was in diesen Land abl\u00e4uft. So mancher AfD-Sympathisant hat im Rahmen des <a href=\"http:\/\/www.zeit.de\/gesellschaft\/zeitgeschehen\/2017-09\/straftaten-wahlkampf-bundeskriminalamt\">Wahlkampfes<\/a> bereits seine pers\u00f6nliche Reichskristallnacht erlebt: Zerschlagene Scheiben, demolierte Auto usw. Und mit dieser Welle ist noch nicht Schluss, obwohl 13% der Wahlberechtigten die AfD gew\u00e4hlt haben &#8211; mehr als die Parteien bekommen haben, die den bunten Part in Jamaika \u00fcbernehmen sollen. <a href=\"http:\/\/www.spiegel.de\/wirtschaft\/soziales\/afd-bundesparteitag-in-koeln-schwere-proteste-gegen-koelner-maritim-hotel-a-1134401.html\">Boykottaufrufe<\/a> wie gegen die Juden in den 1930er Jahren gibt es gegen Unternehmen, die mit AfDlern Gesch\u00e4fte machen, SA-Blockadeaktionen, wenn auch ohne braune Uniform, eingeschlossen. Obwohl verboten und geschichtlich kritisch &#8211; eingeschritten ist die Staatsmacht nicht, eher im Gegenteil. H\u00f6hepunkt war auch der Aufruf, nicht zur Wahl zu gehen statt AfD zuw\u00e4hlen, und das mit sch\u00f6nen L\u00fcgen garniert <a href=\"http:\/\/www.journalistenwatch.com\/2017\/10\/04\/wenn-es-nacht-wird-in-altmaiers-koepfchen\/\">mitten aus dem Bundeskanzleramt<\/a>.<\/p>\n<p>Inzwischen gibt es auch <a href=\"https:\/\/www.morgenpost.de\/kultur\/article212136349\/Intendant-will-keine-AfD-Waehler-im-Friedrichstadt-Palast.html\">Betretungsverbote <\/a>f\u00fcr \u00f6ffentliche Veranstaltungen, die nur daran scheitern, dass bislang kein AfD-Stern, also eine \u00f6ffentliche Kennzeichnungspflicht, eingef\u00fchrt wurde. Als ob das nicht genug w\u00e4re, arbeitet zumindest die SPD inzwischen an einer Neuauflage der N\u00fcrnberger Rassegesetze.<\/p>\n<p><a href=\"http:\/\/gilbertbrands.de\/blog\/wp-content\/uploads\/2017\/10\/d2z09371.jpg\"><img loading=\"lazy\" decoding=\"async\" class=\"alignnone size-medium wp-image-1124\" src=\"http:\/\/gilbertbrands.de\/blog\/wp-content\/uploads\/2017\/10\/d2z09371-300x221.jpg\" alt=\"\" width=\"300\" height=\"221\" srcset=\"https:\/\/gilbertbrands.de\/blog\/wp-content\/uploads\/2017\/10\/d2z09371-300x221.jpg 300w, https:\/\/gilbertbrands.de\/blog\/wp-content\/uploads\/2017\/10\/d2z09371-768x565.jpg 768w, https:\/\/gilbertbrands.de\/blog\/wp-content\/uploads\/2017\/10\/d2z09371.jpg 1024w\" sizes=\"auto, (max-width: 300px) 100vw, 300px\" \/><\/a><\/p>\n<p>In einer <a href=\"https:\/\/www.welt.de\/vermischtes\/article169330851\/Wenn-die-SPD-Ortsvorsitzende-mit-einem-AfD-Funktionaer-verheiratet-ist.html?wtmc=socialmedia.facebook.shared.web\">anst\u00f6\u00dfigen Mischehe<\/a> wurde schon mal das Auto demoliert und das Haus beschmiert, und die Genossen sind der Meinung, dass eine Scheidung der einzig sinnvolle Ausweg ist. Anschlie\u00dfend wird die <a href=\"https:\/\/www.facebook.com\/AfDHannoverStadt\/photos\/a.827393004020816.1073741828.818732621553521\/1552193324874110\/?type=3&amp;theater\">wirtschaftliche Vernichtung<\/a> eingeleitet, auch von Sympathisanten. Parallel wird in der <a href=\"https:\/\/www.facebook.com\/Prof.Dr.Joerg.Meuthen\/photos\/a.554885501326826.1073741828.554345401380836\/902691283212911\/?type=3&amp;theater\">Qualit\u00e4tspresse kr\u00e4ftig weiter vors\u00e4tzlich gelogen<\/a>, damit die Stimmung auch ja nicht abflaut.<\/p>\n<p>Liebe Presse- und Parteivertreter. Lasst euch auf einen Irrtum aufmerksam machen. Die geschichtliche Erkenntnis lautet &#8222;das NS-Regime hat 6 Millionen Juden ermordet!&#8220; und nicht &#8222;Hitler ist mit 6 Millionen Juden fertig geworden. Das schaffen wir wieder!&#8220;<\/p>\n","protected":false},"excerpt":{"rendered":"<p>Bitte versteht die Frage als Leser genau in dem d\u00e9j\u00e0 vue, das sich spontan einstellt, liebe Leser. Anscheinend geht es den sogenannten Demokraten nur noch darum, dem Parteivorsitzenden melden zu k\u00f6nnen: Download Artikel als PDF<\/p>\n","protected":false},"author":1,"featured_media":0,"comment_status":"open","ping_status":"open","sticky":false,"template":"","format":"standard","meta":{"footnotes":""},"categories":[24,12,6],"tags":[],"class_list":["post-1123","post","type-post","status-publish","format-standard","hentry","category-geschichte","category-gesellschaft","category-politik"],"post_mailing_queue_ids":[],"_links":{"self":[{"href":"https:\/\/gilbertbrands.de\/blog\/wp-json\/wp\/v2\/posts\/1123","targetHints":{"allow":["GET"]}}],"collection":[{"href":"https:\/\/gilbertbrands.de\/blog\/wp-json\/wp\/v2\/posts"}],"about":[{"href":"https:\/\/gilbertbrands.de\/blog\/wp-json\/wp\/v2\/types\/post"}],"author":[{"embeddable":true,"href":"https:\/\/gilbertbrands.de\/blog\/wp-json\/wp\/v2\/users\/1"}],"replies":[{"embeddable":true,"href":"https:\/\/gilbertbrands.de\/blog\/wp-json\/wp\/v2\/comments?post=1123"}],"version-history":[{"count":1,"href":"https:\/\/gilbertbrands.de\/blog\/wp-json\/wp\/v2\/posts\/1123\/revisions"}],"predecessor-version":[{"id":1125,"href":"https:\/\/gilbertbrands.de\/blog\/wp-json\/wp\/v2\/posts\/1123\/revisions\/1125"}],"wp:attachment":[{"href":"https:\/\/gilbertbrands.de\/blog\/wp-json\/wp\/v2\/media?parent=1123"}],"wp:term":[{"taxonomy":"category","embeddable":true,"href":"https:\/\/gilbertbrands.de\/blog\/wp-json\/wp\/v2\/categories?post=1123"},{"taxonomy":"post_tag","embeddable":true,"href":"https:\/\/gilbertbrands.de\/blog\/wp-json\/wp\/v2\/tags?post=1123"}],"curies":[{"name":"wp","href":"https:\/\/api.w.org\/{rel}","templated":true}]}}