{"id":11081,"date":"2024-10-25T06:55:00","date_gmt":"2024-10-25T04:55:00","guid":{"rendered":"https:\/\/gilbertbrands.de\/blog\/?p=11081"},"modified":"2024-10-20T08:57:19","modified_gmt":"2024-10-20T06:57:19","slug":"fuerchtet-euch-nicht","status":"publish","type":"post","link":"https:\/\/gilbertbrands.de\/blog\/2024\/10\/25\/fuerchtet-euch-nicht\/","title":{"rendered":"F\u00fcrchtet euch nicht!"},"content":{"rendered":"\n<p class=\"has-small-font-size\"><strong>Ein\nKommentar von Dr. Josef Thoma, Berlin<\/strong><\/p>\n\n\n\n<p>Warum\nich stets eine  Zahnb\u00fcrste bei mir trage? Nun ja: Vaclav Havel, der\nvon den tschechoslowakischen Kommunisten jahrelang verfolgte\nDissident und sp\u00e4tere erst Staatspr\u00e4sident Tschechiens hatte auch\nimmer eine bei sich da er jede Minute damit rechnen mu\u00dfte, wieder\neinmal auf offener Stra\u00dfe verhaftet und eingesperrt zu werden.\nInsgesamt 5 Jahre verbrachte er in kommunistischen Gef\u00e4ngnissen.<\/p>\n\n\n\n<!--more-->\n\n\n\n<p>Eine\nelektrische Zahnb\u00fcrste scheint mir allerdings nicht ratsam seitdem\nin letzter Zeit unvermittelt explodierende Pager und Mobiltelephone\nunliebsame Mitb\u00fcrger in St\u00fccke rei\u00dfen. Eigentlich ist das ein\nabscheuliches Verbrechen, au\u00dfer pro-westliche Geheimdienste tun  es.\nDann ist es legal und dient dazu, die freiheitlich demokratische\nOrdnung in nah und fern zu sch\u00fctzen.<\/p>\n\n\n\n<p>Wobei\nwir schon beim Thema sind. \n<\/p>\n\n\n\n<p>Nachdem\ndas Volk der Bundesl\u00e4nder sich in rasender Eile von den Altparteien\nabwendet und die AfD sich auch noch im letzten Mauseloch ausbreitet,\nr\u00fcsten nun die verbliebenen M\u00e4use zur Gegenwehr: wenn n\u00e4mlich das\nZebra angesichts des L\u00f6wen, das Plankton vor dem Wal, die Maus vor\nder Katze unrettbar verloren scheinen, hilft nur noch eins: Das Zebra\nl\u00e4\u00dft den  L\u00f6wen, das Plankton den Wal und die Maus l\u00e4\u00dft die\nKatze verbieten. \n<\/p>\n\n\n\n<p>Dann\nschleichen L\u00f6we, Wal und Katze mit eingezogenem Schwanz bzw. Flosse\nschuldbewu\u00dft davon und sch\u00e4men sich. So l\u00e4uft das in der Natur wie\njedem Schulkind in Nordrhein-Westfalen bekannt ist.<\/p>\n\n\n\n<p>Man\nmu\u00df nur die rechte Beh\u00f6rde finden, die das Verbot ausspricht.<\/p>\n\n\n\n<p>Im\n\u201eDeutschland der letzten Tage\u201c, so der Name der regierenden\nSekte, geht das so: man gibt einer nachgeordneten Beh\u00f6rde den\nAuftrag, rechtzeitig vor den drohenden Wahlen ein Gutachten zu\nerstellen, in das man schreiben l\u00e4\u00dft, wie sehr man sich durch das\neigene Volk bedroht sieht. \n<\/p>\n\n\n\n<p>Ja\nund dann l\u00e4uft man zu einem Gericht, dessen Richter man sich vorher\nu.a. in der eigenen Bundestagsfraktion ausgesucht hat. Von da an\nl\u00e4uft alles wie geschmiert. Das Schwierigste dabei sind aber nicht\ndie halsbrecherischen juristischen Verrenkungen oder das Durchwaten\ngeistiger Untiefen. Das Schwierigste ist, dabei noch ein ernstes\nGesicht zu machen\u2026<\/p>\n\n\n\n<p>Und\nwas ist, wenn der politische Wind sich pl\u00f6tzlich dreht? Die M\u00fche,\nsich das vorzustellen k\u00f6nnen Sie sich sparen: schauen Sie einfach in\ndie Vergangenheit:<\/p>\n\n\n\n<p>Der\nwohl ber\u00fchmteste Verfassungsfeind, der j\u00fcdische Prophet und\nReligionsgr\u00fcnder Jesus von Nazareth wurde z.B. von seinen eigenen\nGlaubensgenossen ans Kreuz geliefert \u00fcbrigens weil er letztere\nallzusehr an ihrer eigenen Glaubensverfassung gemessen hatte. Nicht\nlange danach stieg er zum Leitbild einer der gr\u00f6\u00dften\nKirchengemeinschaften auf. \n<\/p>\n\n\n\n<p>Martin\nLuther hatte mehr Gl\u00fcck als Verstand, als er nach dem Wormser\nReichstag auf die Wartburg verschleppt wurde und so gerade noch den\nVerfassungsh\u00e4schern des Kaisers entkam. Gerade vor einer Woche habe\nich  ein Orgelkonzert zu seinen Ehren in einer nach ihm benannten\nKirche besucht.<\/p>\n\n\n\n<p>Und\nder Dominikanerm\u00f6nch Bruno Giordano erst: Der wurde von der\np\u00e4pstlichen Inquisition im Jahr 1600 auf dem Scheiterhaufen\nverbrannt weil er die herrschende Verfassung mit der ketzerischen\nAussage, die Erde sei nicht das Zentrum der Welt, gef\u00e4hrdet hatte.\nJetzt geht es ihm aber dem Vernehmen nach wieder besser, da ein\nsp\u00e4terer Papst nach langen Konsultationen herausgefunden hat, da\u00df\nBruno Gordano doch recht hatte.<\/p>\n\n\n\n<p>Fabian\nvon Schlabrendorf, als Mitverantwortlicher eines mi\u00dfl\u00fcckten\nAttentatsversuch auf Adolf Hitler von der Gestapo schwer gefoltert,\nnur durch einen gl\u00fccklichen Zufall dem Schafott entronnen, war nach\ndem Krieg Richter am Bundesverfassungsgericht und darf als Lichtblick\ndes seit der Post-Nazi-Zeit und der Corona-Diktatur arg ramponierten\nAnsehens dieses Gerichts gelten.<\/p>\n\n\n\n<p>Oder\nnicht zuletzt Hans-Georg Maa\u00dfen, langj\u00e4hriger Pr\u00e4sident des\nVerfassungsschutzes, der nun von seinem eigenen Nachfolger Haldenwang\nselbst als Verfassungsfeind verfolgt wird. Wahrscheinlich so lange\nbis Maa\u00dfen als Vorsitzender einer Partei vielleicht irgendwann\neinmal  mitregiert und Thomas Haldenwang wiederum dann nur noch auf\neine allgemeine Amnestie hoffen kann.<\/p>\n\n\n\n<p>Was\nlernen wir daraus: Die Ethik einer Regierung, ja der Politik\ninsgesamt, ist kurzlebig, heuchlerisch und dient in erster Linie dem \nMachterhalt der jeweils Regierenden. Die jeweiligen Machthaber\nschaffen sich die Institutionen, auf deren Gutachten und Urteile sie\nsich berufen, weitgehend  selbst. Ihre Herrlichkeit mitsamt ihrer oft\naufgeblasenen, oftmals aus dem Nichts nach oben gesp\u00fclten,  bis zur\nL\u00e4cherlichkeit Wichtigkeit und Bedeutung mimenden Funktionstr\u00e4ger\nvergeht ebenso schnell wie sie gekommen ist.<\/p>\n\n\n\n<p>Sich\nvor denen zu f\u00fcrchten w\u00fcrde ihnen denn doch zu viel der Ehre antun.<\/p>\n\n\n\n<p>Deshalb,\nliebe Zuh\u00f6rer: F\u00fcrchten Sie sie sich nicht mehr!<\/p>\n\n\n\n<p>Verlassen\nSie sich lieber auf ihren eigenen Verstand und ihr eigenes Gewissen.\nDie w\u00e4hren auf jeden Fall l\u00e4nger als eine Legislaturperiode oder\neine Pr\u00e4sidentenamtszeit.<\/p>\n\n\n\n<p>Ach\n\u2013 fast h\u00e4tt ich\u2018s vergessen: Sie wollten ja wissen, was ich von\ndem Verbotsantrag der AFD und den ihm zugrundeliegenden \u201eGutachten\u201c\nhalte.<\/p>\n\n\n\n<p>Ich bin gerade dabei , ihn zu lesen.  [Bild von einem Kloh\u00e4uschen mit Herz] Noch hab ich ihn vor mir. Gleich werd ich ihn hinter mir haben\u2026<\/p>\n\n\n\n<figure class=\"wp-block-embed-youtube wp-block-embed is-type-video is-provider-youtube wp-embed-aspect-16-9 wp-has-aspect-ratio\"><div class=\"wp-block-embed__wrapper\">\n<iframe loading=\"lazy\" title=\"Fu\u0308rchtet euch nicht !\" width=\"604\" height=\"340\" src=\"https:\/\/www.youtube.com\/embed\/K0JFllxKWAI?feature=oembed\" frameborder=\"0\" allow=\"accelerometer; autoplay; clipboard-write; encrypted-media; gyroscope; picture-in-picture; web-share\" referrerpolicy=\"strict-origin-when-cross-origin\" allowfullscreen><\/iframe>\n<\/div><\/figure>\n","protected":false},"excerpt":{"rendered":"<p>Ein Kommentar von Dr. Josef Thoma, Berlin Warum ich stets eine Zahnb\u00fcrste bei mir trage? Nun ja: Vaclav Havel, der von den tschechoslowakischen Kommunisten jahrelang verfolgte Dissident und sp\u00e4tere erst Staatspr\u00e4sident Tschechiens hatte auch immer eine bei sich da er jede Minute damit rechnen mu\u00dfte, wieder einmal auf offener Stra\u00dfe verhaftet und eingesperrt zu werden. &hellip; <a href=\"https:\/\/gilbertbrands.de\/blog\/2024\/10\/25\/fuerchtet-euch-nicht\/\" class=\"more-link\"><span class=\"screen-reader-text\">F\u00fcrchtet euch nicht!<\/span> weiterlesen <span class=\"meta-nav\">&rarr;<\/span><\/a><\/p>\n","protected":false},"author":1,"featured_media":0,"comment_status":"closed","ping_status":"closed","sticky":false,"template":"","format":"standard","meta":{"footnotes":""},"categories":[1],"tags":[],"class_list":["post-11081","post","type-post","status-publish","format-standard","hentry","category-allgemein"],"post_mailing_queue_ids":[],"_links":{"self":[{"href":"https:\/\/gilbertbrands.de\/blog\/wp-json\/wp\/v2\/posts\/11081","targetHints":{"allow":["GET"]}}],"collection":[{"href":"https:\/\/gilbertbrands.de\/blog\/wp-json\/wp\/v2\/posts"}],"about":[{"href":"https:\/\/gilbertbrands.de\/blog\/wp-json\/wp\/v2\/types\/post"}],"author":[{"embeddable":true,"href":"https:\/\/gilbertbrands.de\/blog\/wp-json\/wp\/v2\/users\/1"}],"replies":[{"embeddable":true,"href":"https:\/\/gilbertbrands.de\/blog\/wp-json\/wp\/v2\/comments?post=11081"}],"version-history":[{"count":1,"href":"https:\/\/gilbertbrands.de\/blog\/wp-json\/wp\/v2\/posts\/11081\/revisions"}],"predecessor-version":[{"id":11082,"href":"https:\/\/gilbertbrands.de\/blog\/wp-json\/wp\/v2\/posts\/11081\/revisions\/11082"}],"wp:attachment":[{"href":"https:\/\/gilbertbrands.de\/blog\/wp-json\/wp\/v2\/media?parent=11081"}],"wp:term":[{"taxonomy":"category","embeddable":true,"href":"https:\/\/gilbertbrands.de\/blog\/wp-json\/wp\/v2\/categories?post=11081"},{"taxonomy":"post_tag","embeddable":true,"href":"https:\/\/gilbertbrands.de\/blog\/wp-json\/wp\/v2\/tags?post=11081"}],"curies":[{"name":"wp","href":"https:\/\/api.w.org\/{rel}","templated":true}]}}