{"id":1108,"date":"2017-09-21T11:36:47","date_gmt":"2017-09-21T09:36:47","guid":{"rendered":"http:\/\/gilbertbrands.de\/blog\/?p=1108"},"modified":"2017-09-21T11:46:45","modified_gmt":"2017-09-21T09:46:45","slug":"das-ist-keine-werbung-fuer-die-afd","status":"publish","type":"post","link":"https:\/\/gilbertbrands.de\/blog\/2017\/09\/21\/das-ist-keine-werbung-fuer-die-afd\/","title":{"rendered":"Das ist keine Werbung f\u00fcr die AfD"},"content":{"rendered":"<p>Nein, das ist keine Werbung f\u00fcr die AfD. Aber es ist eine deutliche Abrechnung mit dieser sogenannten Demokratie! Bevor man am Sonntag seine Stimme abgibt und anschlie\u00dfen sprachlos wieder aus dem Wahllokal kommt, sollte man sich folgendes mal im Gehirn zergehen lassen.<\/p>\n<p><!--more-->Die AfD wird seit eh als rechts geoutet, mit Steigerungen: zuerst war sie rechtspopulistisch, als das wenig n\u00fctzte, um ihr Anh\u00e4nger abspenstig zu machen, war sie rechtsradikal, und weil anscheinend das auch nichts n\u00fctzt und den etablierten Parteien allm\u00e4hlich der Arsch auf Grundeis geht, ist sie nun eine offizielle Nazi-Partei, verk\u00fcndet vom SPD-Parteivorsitzenden Sigmar Gabriel und der Gr\u00fcnen Spitzenkandidatin Karin G\u00f6ring-Eckart, verbreitet von der Presse. Wohlgemerkt und w\u00f6rtlich:<\/p>\n<h3 style=\"text-align: center;\">NAZIS<\/h3>\n<p>Dabei steht die AfD nicht unter Beobachtung durch den Verfassungsschutz, was sie eigentich m\u00fcsste, wenn das stimmt. Die Gr\u00fcnen und die Linke haben hingegen dieses Privileg in der gleichen Phase der Entwicklung jahrelang genossen! Putative Antidemokraten, die sich als Demokraten aufspielen.<\/p>\n<p>Wie gesagt, den Altparteien geht der Arsch auf Grundeis. Folglich haben sie im Verbund mit der Qualit\u00e4tspresse die AfD lange Zeit bei jeder Gelegenheit diffamiert: einzelne Wort aus dem Zusammenhang gerissen, und die Partei war eine Hasspartei par Exzellence. Leider haben sich zu wenige Leute die M\u00fche gemacht, die Hassbehauptungen zu hinterfragen. Zugegeben, es war oft nicht einfach, da S\u00e4tze eben v\u00f6llig aus dem Zusammenhang gerissen wurden. H\u00e4tten sie das getan, h\u00e4tten sie bemerkt, dass Vertreter der Altparteien oft genau mit den Argumenten, die sie ein paar Tage zuvor als Hasspredigt gebrandmarkt haben, selbst an die \u00d6ffentlichkeit getreten sind. Mussten sie, damit nicht alle W\u00e4hler weglaufen, und da war es auf einmal politisch korrekt, das gleiche zu sagen wie die AfD.<\/p>\n<p>Nicht nur mit Worten wurde (und wird) die Partei behindert. Man erinnere sich an die Vorg\u00e4nge bei den Parteiversammlungen, die mit mehr als dubiosen Mitteln verhindert werden sollten. Immer wieder gestoppt von Gerichten. Und dem linken Mob, der sich u.a. in K\u00f6ln nicht anders aufgef\u00fchrt hat als die SA in den Judenpogromen im 3. Reich, Boykottaufrufe und Drohungen gegen\u00fcber Firmen eingeschlossen. Dazu ist anzumerken, dass solche Veranstaltungen nicht im Belieben einer Partei liegen. Sie sind gesetztlich vorgeschrieben! Die etablierten Parteien und andere haben mithin versucht, eine zugelassene Partei an der Aus\u00fcbung ihrer gesetzlichen Pflicht zu hindern!<\/p>\n<p>Hat alles anscheinend wenig gen\u00fctzt, weshalb man sich vor einigen Monaten auf die Strategie &#8222;totschweigen&#8220; einigte. Nichts drang mehr \u00fcber die AfD in die Medien, in der Hoffnung, die Leute w\u00fcrden die Partei vergessen. Parallel wurde in teilweise ganzseitigen Anzeigen in gro\u00dfen Zeitungen (wer hat das eigentlich bezahlt? Ich vermute, zweckentfremdete Steuergelder) aufgerufen, doch bitte zur Wahl zu gegen. Geht zur Wahl und w\u00e4hlt. Nat\u00fcrlich nicht AfD, aber so deutlich konnte man das nicht sagen.<\/p>\n<p>Hat anscheinend auch nichts gen\u00fctzt, und die Panik bei den Altparteien muss wohl inzwischen ziemlich gro\u00df sein. Nicht nur die w\u00f6rtliche Bezeichnung als Nazi und mutma\u00dfliche Vert\u00f6\u00dfe gegen Art. 10 GG (Post- und Fernmeldegeheimnis), Merkel-Adlatus Altmeier rief in dieser Woche auf<\/p>\n<h3 style=\"text-align: center;\">Geht nicht zur Wahl!<\/h3>\n<p>Im Nebensatz &#8222;bevor ihr AfD w\u00e4hlt, geht besser nicht hin&#8220;. Geht es noch dreister? Wer seine verfassungsm\u00e4\u00dfigen Rechte wahrnehmen will, dies aber nicht im Sinne der Regierungspartei macht, soll bitte auf seine verfassungsm\u00e4\u00dfigen Rechte verzichten?<\/p>\n<p>Ihr m\u00fcsst nicht AfD w\u00e4hlen, das war nicht Absicht dieses Posts. Aber \u00fcberlegt euch bitte einmal, welche Sorte von Leuten hier das Sagen hat und auch behalten m\u00f6chte. <strong>Wenn es m\u00f6glich w\u00e4re, die Wahlen zu verbieten &#8211; die Altparteien h\u00e4tten das vermutlich noch schnell getan. Leider steht das Wahlrecht aber in den Artikeln des GG, die nicht zur Disposition stehen. CDU, SPD und andere Parteien aber schon.<\/strong><\/p>\n","protected":false},"excerpt":{"rendered":"<p>Nein, das ist keine Werbung f\u00fcr die AfD. Aber es ist eine deutliche Abrechnung mit dieser sogenannten Demokratie! Bevor man am Sonntag seine Stimme abgibt und anschlie\u00dfen sprachlos wieder aus dem Wahllokal kommt, sollte man sich folgendes mal im Gehirn zergehen lassen. Download Artikel als PDF<\/p>\n","protected":false},"author":1,"featured_media":0,"comment_status":"open","ping_status":"open","sticky":false,"template":"","format":"standard","meta":{"footnotes":""},"categories":[12,20,8,6],"tags":[],"class_list":["post-1108","post","type-post","status-publish","format-standard","hentry","category-gesellschaft","category-journalismus","category-massenpsychologie","category-politik"],"post_mailing_queue_ids":[],"_links":{"self":[{"href":"https:\/\/gilbertbrands.de\/blog\/wp-json\/wp\/v2\/posts\/1108","targetHints":{"allow":["GET"]}}],"collection":[{"href":"https:\/\/gilbertbrands.de\/blog\/wp-json\/wp\/v2\/posts"}],"about":[{"href":"https:\/\/gilbertbrands.de\/blog\/wp-json\/wp\/v2\/types\/post"}],"author":[{"embeddable":true,"href":"https:\/\/gilbertbrands.de\/blog\/wp-json\/wp\/v2\/users\/1"}],"replies":[{"embeddable":true,"href":"https:\/\/gilbertbrands.de\/blog\/wp-json\/wp\/v2\/comments?post=1108"}],"version-history":[{"count":3,"href":"https:\/\/gilbertbrands.de\/blog\/wp-json\/wp\/v2\/posts\/1108\/revisions"}],"predecessor-version":[{"id":1111,"href":"https:\/\/gilbertbrands.de\/blog\/wp-json\/wp\/v2\/posts\/1108\/revisions\/1111"}],"wp:attachment":[{"href":"https:\/\/gilbertbrands.de\/blog\/wp-json\/wp\/v2\/media?parent=1108"}],"wp:term":[{"taxonomy":"category","embeddable":true,"href":"https:\/\/gilbertbrands.de\/blog\/wp-json\/wp\/v2\/categories?post=1108"},{"taxonomy":"post_tag","embeddable":true,"href":"https:\/\/gilbertbrands.de\/blog\/wp-json\/wp\/v2\/tags?post=1108"}],"curies":[{"name":"wp","href":"https:\/\/api.w.org\/{rel}","templated":true}]}}