{"id":11052,"date":"2024-10-17T07:15:00","date_gmt":"2024-10-17T05:15:00","guid":{"rendered":"https:\/\/gilbertbrands.de\/blog\/?p=11052"},"modified":"2024-10-12T18:05:31","modified_gmt":"2024-10-12T16:05:31","slug":"weidel-vs-wagenknecht","status":"publish","type":"post","link":"https:\/\/gilbertbrands.de\/blog\/2024\/10\/17\/weidel-vs-wagenknecht\/","title":{"rendered":"Weidel vs. Wagenknecht"},"content":{"rendered":"\n<p>K\u00fcrzlich fand ein &#8222;Fernseh-Duell&#8220; der beiden Politikerinnen statt, die zusammen ca. 99,868% der gesamten weiblichen Intelligenz im Buntetag stellen. Ich hab&#8217;s nicht gesehen, kann also nur die Rezensionen rezensieren. Wer m\u00f6chte, kann sich das nat\u00fcrlich ansehen:<\/p>\n\n\n\n<!--more-->\n\n\n\n<figure class=\"wp-block-embed-youtube wp-block-embed is-type-video is-provider-youtube wp-embed-aspect-16-9 wp-has-aspect-ratio\"><div class=\"wp-block-embed__wrapper\">\n<iframe loading=\"lazy\" title=\"WELT TV-DUELL: Wagenknecht vs. Weidel - moderiert von WELT TV-Chefredakteur Jan Philipp Burgard\" width=\"604\" height=\"340\" src=\"https:\/\/www.youtube.com\/embed\/RDhTPJySUvU?feature=oembed\" frameborder=\"0\" allow=\"accelerometer; autoplay; clipboard-write; encrypted-media; gyroscope; picture-in-picture; web-share\" referrerpolicy=\"strict-origin-when-cross-origin\" allowfullscreen><\/iframe>\n<\/div><\/figure>\n\n\n\n<p>Kurzfassung der Bewertungen: Punktsieg f\u00fcr Wagenknecht, weil Weidel die Causa H\u00f6cke\u00b9\u207e kurz abb\u00fcgelte und auch nicht stundenlang darauf herum hackte, dass Wagenknecht mutma\u00dflich immer noch eine verkappte Stalinistin ist.\u00b2\u207e Aber trifft da wirklich l\u00e4ngere Erfahrung\u00b3\u207e auf unterk\u00fchlte norddeutsche Begriffsstutzigkeit\u2074\u207e ?<\/p>\n\n\n\n<p>Schauen wir uns die Biografien von <a rel=\"noreferrer noopener\" aria-label=\"Wagenknecht (\u00f6ffnet in neuem Tab)\" href=\"https:\/\/de.wikipedia.org\/wiki\/Sahra_Wagenknecht\" target=\"_blank\">Wagenknecht<\/a> und <a rel=\"noreferrer noopener\" aria-label=\"Weidel (\u00f6ffnet in neuem Tab)\" href=\"https:\/\/de.wikipedia.org\/wiki\/Alice_Weidel\" target=\"_blank\">Weidel<\/a> an, so studierte Wagenknecht Geschw\u00e4tz und ging gleichzeitig in die Politik, w\u00e4hrend Weidel Handfestes studierte und obendrein noch Jahre lang in anspruchsvollen Jobs bis hin zur selbst\u00e4ndigen Unternehmensberaterin t\u00e4tig.\u2075\u207e Solche Bios haben Folgen.<\/p>\n\n\n\n<p>Ein 8-Stunden-Tag eines Politikers besteht aus 1\/2 Stunde, in der er sich bem\u00fcht, einem anderen ans Bein zu pinkeln. In den restlichen 7 1\/2 Stunden bem\u00fcht er sich, selbst nicht getroffen zu werden. Wenn man als Politiker eine Idee hat, sollte man sie tunlichst f\u00fcr sich behalten, weil das den Pinkeldrang der anderen f\u00f6rdert. Besser ist es, keine Idee zu haben, weil man prinzipiell den anderen widersprechen muss, was zu einem Problem werden kann, wenn die genau das sagen, was man selbst machen will. Und um auf keine Ideen zu kommen, ist es schon recht hilfreich, wenn man \u00fcber die Sache selbst m\u00f6glichst wenig wei\u00df. Man muss nur in der Lage sein, m\u00f6glichst lange rum zu schwafeln, um damit dem anderen ans Bein zu pinkeln.<\/p>\n\n\n\n<p>Ein 8-Stunden-Tag eines (intellektuell) arbeitenden Menschen besteht darin, eine Sache zu verstehen, eine Analyse zu machen und die Schlussfolgerungen offen zu legen. Ist das geschehen, geht es sofort um die n\u00e4chste Sache. Immer wieder auf der gleichen Sache rumzureiten ist nicht angesagt. Schlie\u00dflich vermauert ein Maurer ja auch nicht den ganzen Tag immer wieder den gleichen Stein, sondern nimmt jeder Mal einen neuen. Das wirkt auf Leute, die schwer von Begriff sind und alles 5x erkl\u00e4rt bekommen m\u00fcssen, manchmal ziemlich Maulfaul. <\/p>\n\n\n\n<p>Also treffen da zwei Personen aufeinander, die wohl ganz gut das grunds\u00e4tzliche Problem mit der Politik verdeutlichen: auf der einen Seite Ideen und Verst\u00e4ndnis als echte Karrierekiller, auf der anderen Seite Rumgeeiere und Nicht-Weiter-Kommen als Karrierkiller. Wagenknecht hackt in ihrer Art auf H\u00f6cke rum, was Weidel in ihrer Art kurz und pr\u00e4gnant abb\u00fcgelt, der Stalinismus-Konter wird gesetzt, aber eben in Weidel-Art nicht stundenlang auf dem Thema rumgeritten, weil das Wesentliche ja gesagt wurde.<\/p>\n\n\n\n<p>Die hoch intelligente und eloquente Wagenknecht bedient so auf ihre Art ihr Publikum, die ebenfalls hochintelligente und eloquente Weidel bedient auf ihre Art Wagenknechts Publikum. Die eine spricht die intellektuellen Minderleister an, die andere an den intellektuellen Minderleistern vorbei. Klar, wer den Punktsieg bekommt? Klar, dass das eigentliche Problem nicht bei Weidel oder Wagenknecht liegt, sondern den intellektuellen Minderleistern aka W\u00e4hlern, die sich lieber in einer geschickt formulierten Satiresendung dar\u00fcber totlachen, dass der Typ das vorne sie eben als absolut hirnlose Trottel bezeichnet hat, anstatt mal nachzudenken, warum der das gesagt hat? <\/p>\n\n\n\n<hr class=\"wp-block-separator\"\/>\n\n\n\n<p class=\"has-small-font-size\">\u00b9\u207e vor einigen Jahren lief mal ein Parteiausschlussverfahren, an der auch Weidel als Antragstellerin beteiligt war. Nebenbei sei dem Leser empfohlen, sich aktuelle Interviews mit H\u00f6cke anzuh\u00f6ren. Der hat sich vom etwas unbeholfenen Fettn\u00e4pfchentreter zu einem ziemlichen Profi entwickelt, der die \u00fcbliche Politclowns auf die Pl\u00e4tze verweist.<\/p>\n\n\n\n<p class=\"has-small-font-size\">\u00b2\u207e <a rel=\"noreferrer noopener\" aria-label=\"Das hat allerdings Boris Reitschuster besorgt (\u00f6ffnet in neuem Tab)\" href=\"https:\/\/reitschuster.de\/post\/wagenknechts-linksradikale-vergangenheit-ist-sie-wirklich-vergangenheit\/\" target=\"_blank\">Das hat allerdings Boris Reitschuster besorgt<\/a><\/p>\n\n\n\n<p class=\"has-small-font-size\">\u00b3\u207e Wagenknecht ist ziemlich genau 10 Jahre \u00e4lter als Weidel<\/p>\n\n\n\n<p class=\"has-small-font-size\">\u2074\u207e Weidel stammt aus Ostwestfalen, genauer G\u00fctersloh. In Nordrhein-Wandalen gilt die Fausregel, dass das, was der st\u00e4ndig babbelnde Rheinl\u00e4nder von sich gibt, durch die Maulfaulheit der Ostwestfalen locker neutralisiert wird.<\/p>\n\n\n\n<p class=\"has-small-font-size\">\u2075\u207e Das machen manche andere Politiker auch, aber erst nach dem politischen Aus. Der Unterschied: U-Berater vor dem politischen Amt m\u00fcssen liefern, U-Berater nach dem politischen Amt kassieren lediglich v\u00f6llig legal die aufgelaufenen Bestechungsgelder ab, ohne au\u00dfer ihrer Kontonummer etwas liefern zu m\u00fcssen.<\/p>\n","protected":false},"excerpt":{"rendered":"<p>K\u00fcrzlich fand ein &#8222;Fernseh-Duell&#8220; der beiden Politikerinnen statt, die zusammen ca. 99,868% der gesamten weiblichen Intelligenz im Buntetag stellen. Ich hab&#8217;s nicht gesehen, kann also nur die Rezensionen rezensieren. Wer m\u00f6chte, kann sich das nat\u00fcrlich ansehen: Download Artikel als PDF<\/p>\n","protected":false},"author":1,"featured_media":0,"comment_status":"closed","ping_status":"closed","sticky":false,"template":"","format":"standard","meta":{"footnotes":""},"categories":[1],"tags":[],"class_list":["post-11052","post","type-post","status-publish","format-standard","hentry","category-allgemein"],"post_mailing_queue_ids":[],"_links":{"self":[{"href":"https:\/\/gilbertbrands.de\/blog\/wp-json\/wp\/v2\/posts\/11052","targetHints":{"allow":["GET"]}}],"collection":[{"href":"https:\/\/gilbertbrands.de\/blog\/wp-json\/wp\/v2\/posts"}],"about":[{"href":"https:\/\/gilbertbrands.de\/blog\/wp-json\/wp\/v2\/types\/post"}],"author":[{"embeddable":true,"href":"https:\/\/gilbertbrands.de\/blog\/wp-json\/wp\/v2\/users\/1"}],"replies":[{"embeddable":true,"href":"https:\/\/gilbertbrands.de\/blog\/wp-json\/wp\/v2\/comments?post=11052"}],"version-history":[{"count":1,"href":"https:\/\/gilbertbrands.de\/blog\/wp-json\/wp\/v2\/posts\/11052\/revisions"}],"predecessor-version":[{"id":11053,"href":"https:\/\/gilbertbrands.de\/blog\/wp-json\/wp\/v2\/posts\/11052\/revisions\/11053"}],"wp:attachment":[{"href":"https:\/\/gilbertbrands.de\/blog\/wp-json\/wp\/v2\/media?parent=11052"}],"wp:term":[{"taxonomy":"category","embeddable":true,"href":"https:\/\/gilbertbrands.de\/blog\/wp-json\/wp\/v2\/categories?post=11052"},{"taxonomy":"post_tag","embeddable":true,"href":"https:\/\/gilbertbrands.de\/blog\/wp-json\/wp\/v2\/tags?post=11052"}],"curies":[{"name":"wp","href":"https:\/\/api.w.org\/{rel}","templated":true}]}}