{"id":10913,"date":"2024-08-26T09:13:00","date_gmt":"2024-08-26T07:13:00","guid":{"rendered":"https:\/\/gilbertbrands.de\/blog\/?p=10913"},"modified":"2024-08-20T10:14:03","modified_gmt":"2024-08-20T08:14:03","slug":"endkampf-der-woken","status":"publish","type":"post","link":"https:\/\/gilbertbrands.de\/blog\/2024\/08\/26\/endkampf-der-woken\/","title":{"rendered":"Endkampf der Woken ?"},"content":{"rendered":"\n<p>Auch wenn es den Ideologen nicht passt: das NS-Regime war zu Beginn seiner Herrschaft bis weit in den Krieg hinein eher beliebt als verhasst, wenn man mal von den Opfern absieht, die aber eine Minderheit darstellten. Endlich ein wenig Ruhe nach den Wirren des Endes der Weimarer Zeit, wirtschaftlicher Aufschwung &#8211; warum soll man da Kritik \u00fcben?<\/p>\n\n\n\n<!--more-->\n\n\n\n<p>Die NS-Propaganda-Maschine war legend\u00e4r, auch wenn es heute die Ideologen nicht wahr haben wollten, dass ausgerechnet der Chef Joseph Goebbels die Ansicht vertrat, &#8222;das sich die Wahrheit immer durchsetzt&#8220; und lediglich bestimmte Aspekte der Wahrheit in Berichten verschweigen lie\u00df. Der Rest war anscheinend kontrollierbar und widersprach nicht der wahrgenommenen Realit\u00e4t. Lediglich in den letzten Kriegsjahren wurde alles durch Propaganda ersetzt, was zunehmend viele Leute misstrauisch machte, da die Wahrnehmung nicht den &#8222;Berichten&#8220; entsprach. <\/p>\n\n\n\n<p>Misstrauen entsteht haupts\u00e4chlich dort, wo man Betroffener ist, und das werden auch heute immer mehr, wenn anscheinend auch bislang nicht in gen\u00fcgend gro\u00dfem Ma\u00dfstab. Andererseits halten sich die Mainstream-Medien schon seit nicht mehr mit der Wahrheit auf, sondern l\u00fcgen ungehemmt. Wobei die Argumentation immer flacher wird. War es fr\u00fcher der &#8222;<em>Professor Doktor Heinz H\u00fcbner, Physiker an der Universit\u00e4t M\u00fcnchen<\/em>&#8222;, der physikalische Zusammenh\u00e4nge erkl\u00e4rte, ist inzwischen nicht nur der &#8222;<em>Professor M\u00f6chtegern von der Flachhauptschule Popelsdorf<\/em>&#8222;, seines Zeichens Soziologe, als Physikerkl\u00e4rer Vergangenheit, sondern auch &#8222;<em>Heinz Bessermann, Physik-Experte der Gr\u00fcnen Fraktion im Buntetag<\/em>&#8220; (irgendwas mit Medien oder Sozialem ohne Abschluss nach 14 Semestern Studium des Mensaspeiseplans) schlicht durch &#8222;<em>Auskunft von Experten<\/em>&#8220; nicht weiter spezifizierter Herkunft (weder Namen noch NGO) ersetzt worden. Qualit\u00e4tsjournalismus vom Feinsten, wobei die Parallele zum Propagandaministerium vom &#8222;<em>Verk\u00fcnder der begrenzten Wahrheit<\/em>&#8220; zum schamlosen &#8222;<em>Herbeil\u00fcgner des Endsieges<\/em>&#8220; schlecht zu \u00fcbersehen ist.\u00b9\u207e<\/p>\n\n\n\n<p>Misstrauisch wird man, wenn man betroffen ist, also die Wahrnehmung nicht mit der Behauptung korrespondiert, habe ich oben gesagt. W\u00e4hrend das bei der adulten Bev\u00f6lkerung anscheinend noch sehr verhalten ist, verliert die Hampel-Fraktion anscheinend gerade massiv bei der Klientel, die sie sich gesichert zu haben glaubte: bei der Jugend. Schon vor einiger Zeit wurde berichtet, dass ausgerechnet diese gef\u00fchlte sichere Gr\u00fcnen-Clientel in einem ungeahnten Ausma\u00df AfD w\u00e4hlen w\u00fcrde, wenn sie an die Wahlurne gebeten wird. Ein offenbar ganz anderes Verhalten als das der Hitler-Jugend, die in gro\u00dfen Teilen wirklich systemkonform war. Wie das?<\/p>\n\n\n\n<p>Das NS-Regime hat die Jugend f\u00fcr sich eingenommen, weil es ihr auch etwas gegeben hat: Zusammengeh\u00f6rigkeitsgef\u00fchl, Stolz usw. Und was gibt die Hampel? Eine beschissene Schule, in der Parolen nachgebetet werden m\u00fcssen, ohne dass die auftauchenden Fragen \u00fcberhaupt nur gestellt werden d\u00fcrfen. Zwang zu Aktionen &#8222;f\u00fcr das Klima&#8220;, &#8222;gegen Rechts&#8220; und &#8222;f\u00fcr Bunt&#8220;, wobei auch hier nicht einmal ansatzweise versucht wird, eine Motivation zu erzeugen und zu begr\u00fcnden. Maskenzwang, Kontaktverbot, Verhaftung in der Schule wegen harmloser Posts, &#8222;no future&#8220; aufgrund des Abbaus der Wirtschaft und damit auch jeglicher Chancen &#8211; so bl\u00f6de, wie die Hampel sich das mit Blick auf die eigene Gr\u00fcne Jugend vorstellen, die noch nicht einmal ihren Namen fehlerfrei tanzen kann, scheinen viele doch nicht zu sein. Die Nazis hatten das eindeutig besser im Griff.<\/p>\n\n\n\n<p>Wie weit der Endkampf schon gediehen (und vermutlich verloren) ist, zeigt diese Meldung:<\/p>\n\n\n\n<figure class=\"wp-block-image size-large\"><img loading=\"lazy\" decoding=\"async\" width=\"1024\" height=\"247\" src=\"https:\/\/gilbertbrands.de\/blog\/wp-content\/uploads\/2024\/08\/grafik-14-1024x247.png\" alt=\"\" class=\"wp-image-10914\" srcset=\"https:\/\/gilbertbrands.de\/blog\/wp-content\/uploads\/2024\/08\/grafik-14-1024x247.png 1024w, https:\/\/gilbertbrands.de\/blog\/wp-content\/uploads\/2024\/08\/grafik-14-300x72.png 300w, https:\/\/gilbertbrands.de\/blog\/wp-content\/uploads\/2024\/08\/grafik-14-768x186.png 768w, https:\/\/gilbertbrands.de\/blog\/wp-content\/uploads\/2024\/08\/grafik-14.png 1126w\" sizes=\"auto, (max-width: 1024px) 100vw, 1024px\" \/><figcaption><a href=\"https:\/\/rtde.site\/meinung\/216143-correctiv-und-radio-bremen-man\/\" target=\"_blank\" rel=\"noreferrer noopener\" aria-label=\" (\u00f6ffnet in neuem Tab)\">https:\/\/rtde.site\/meinung\/216143-correctiv-und-radio-bremen-man\/<\/a><\/figcaption><\/figure>\n\n\n\n<p>Der Staatsfunk macht mit den Faktenfickern von Correctiv gegen Influenzer, hier speziell gegen weibliche, die in sozialen Netzwerken bekanntlich viele Follower haben und damit f\u00fcr die Werbeindustrie interessant sind, mobil. Dass die Jugend einfach nur ihren Spa\u00df haben will und der anders aussieht als vor 50 Jahren, als man halt in den Wald ging, um Stichlinge im Bach zu fangen oder ein Loch in den Zaun vom FKK-Gel\u00e4nde zu bohren, um das muntere textilfreie Treiben auf dem Gel\u00e4nde zu beobachten (heute mit dem Internet deutlich gefahrloser m\u00f6glich), geht den gr\u00fcnen Ideologen anscheinend nicht in den Kopf. Michaela S., die ihren 400.000 Followern das neueste Make-Up und formsch\u00f6ne BHs pr\u00e4sentiert &#8211; alles Nazis und Antisemiten, bewiesen durch &#8222;Expertenmeinung&#8220; und ein Interview mit einem &#8222;der AfD nahe stehenden Vertreter&#8220; der Kosmetikindustrie.<\/p>\n\n\n\n<p>Ein Endkampf um die K\u00f6pfe, den die Hampel verlieren werden. <\/p>\n\n\n\n<p>Ebenfalls am Beispiel der NS-Zeit: ein aussichtsloser Kampf um den Endsieg steigert den \u00fcberreichlich vorhandenen Gr\u00f6\u00dfenwahn bekanntlich weiter. So wie hier:<\/p>\n\n\n\n<figure class=\"wp-block-image size-large\"><img loading=\"lazy\" decoding=\"async\" width=\"633\" height=\"405\" src=\"https:\/\/gilbertbrands.de\/blog\/wp-content\/uploads\/2024\/08\/grafik-15.png\" alt=\"\" class=\"wp-image-10915\" srcset=\"https:\/\/gilbertbrands.de\/blog\/wp-content\/uploads\/2024\/08\/grafik-15.png 633w, https:\/\/gilbertbrands.de\/blog\/wp-content\/uploads\/2024\/08\/grafik-15-300x192.png 300w\" sizes=\"auto, (max-width: 633px) 100vw, 633px\" \/><figcaption><a href=\"https:\/\/www.tichyseinblick.de\/feuilleton\/medien\/sommerinterview-2024-omid-nouripour\/\" target=\"_blank\" rel=\"noreferrer noopener\" aria-label=\" (\u00f6ffnet in neuem Tab)\">https:\/\/www.tichyseinblick.de\/feuilleton\/medien\/sommerinterview-2024-omid-nouripour\/<\/a><\/figcaption><\/figure>\n\n\n\n<p>In manchen K\u00f6pfen ist das 1000-j\u00e4hrige Gr\u00fcne Reich anscheinend schon Realit\u00e4t. Wenn der Spuk endet, ist ebenfalls in Analogie zu 1945 wohl eine gr\u00fcndliche &#8222;Entgr\u00fcnifizierung&#8220; des Landes angesagt, wobei mutma\u00dflich die heutigen Hardcore-Gr\u00fcnen \u00e4hnliche Positionen in der Gesellschaft besetzen wie weiland die Hardcore-Nazis. Und \u00e4hnlich wie damals wird die Wirtschaft erneut von Grund auf aus dem Nichts aufzubauen sein. Ob das nochmals gelingt? Ich glaube nicht! Guten Morgen!<\/p>\n\n\n\n<hr class=\"wp-block-separator\"\/>\n\n\n\n<p class=\"has-small-font-size\">\u00b9\u207e Am Beispiel des ukrainischen Angriffes auf das Gebiet von Kursk: w\u00e4hrend sich die ukrainischen Angriffe festgefressen haben, keinerlei russische Truppen aus den Donbas-Regionen abgezogen wurde und die Russen anscheinend wieder die Karte der materiellen \u00dcberlegenheit ausspielen, als mit &#8222;URRAAAH&#8220; in die Maschinengewehr zu rennen, also nahezu alle Kommentatoren von einem Scheitern der Offensive sprechen, feiert die Tagessau fr\u00f6hlich ein weiteres Vorr\u00fccken der ukrainischen Armee. <\/p>\n","protected":false},"excerpt":{"rendered":"<p>Auch wenn es den Ideologen nicht passt: das NS-Regime war zu Beginn seiner Herrschaft bis weit in den Krieg hinein eher beliebt als verhasst, wenn man mal von den Opfern absieht, die aber eine Minderheit darstellten. Endlich ein wenig Ruhe nach den Wirren des Endes der Weimarer Zeit, wirtschaftlicher Aufschwung &#8211; warum soll man da &hellip; <a href=\"https:\/\/gilbertbrands.de\/blog\/2024\/08\/26\/endkampf-der-woken\/\" class=\"more-link\"><span class=\"screen-reader-text\">Endkampf der Woken ?<\/span> weiterlesen <span class=\"meta-nav\">&rarr;<\/span><\/a><\/p>\n","protected":false},"author":1,"featured_media":0,"comment_status":"closed","ping_status":"closed","sticky":false,"template":"","format":"standard","meta":{"footnotes":""},"categories":[1],"tags":[],"class_list":["post-10913","post","type-post","status-publish","format-standard","hentry","category-allgemein"],"post_mailing_queue_ids":[],"_links":{"self":[{"href":"https:\/\/gilbertbrands.de\/blog\/wp-json\/wp\/v2\/posts\/10913","targetHints":{"allow":["GET"]}}],"collection":[{"href":"https:\/\/gilbertbrands.de\/blog\/wp-json\/wp\/v2\/posts"}],"about":[{"href":"https:\/\/gilbertbrands.de\/blog\/wp-json\/wp\/v2\/types\/post"}],"author":[{"embeddable":true,"href":"https:\/\/gilbertbrands.de\/blog\/wp-json\/wp\/v2\/users\/1"}],"replies":[{"embeddable":true,"href":"https:\/\/gilbertbrands.de\/blog\/wp-json\/wp\/v2\/comments?post=10913"}],"version-history":[{"count":1,"href":"https:\/\/gilbertbrands.de\/blog\/wp-json\/wp\/v2\/posts\/10913\/revisions"}],"predecessor-version":[{"id":10916,"href":"https:\/\/gilbertbrands.de\/blog\/wp-json\/wp\/v2\/posts\/10913\/revisions\/10916"}],"wp:attachment":[{"href":"https:\/\/gilbertbrands.de\/blog\/wp-json\/wp\/v2\/media?parent=10913"}],"wp:term":[{"taxonomy":"category","embeddable":true,"href":"https:\/\/gilbertbrands.de\/blog\/wp-json\/wp\/v2\/categories?post=10913"},{"taxonomy":"post_tag","embeddable":true,"href":"https:\/\/gilbertbrands.de\/blog\/wp-json\/wp\/v2\/tags?post=10913"}],"curies":[{"name":"wp","href":"https:\/\/api.w.org\/{rel}","templated":true}]}}