{"id":10863,"date":"2024-08-14T09:16:00","date_gmt":"2024-08-14T07:16:00","guid":{"rendered":"https:\/\/gilbertbrands.de\/blog\/?p=10863"},"modified":"2024-08-08T10:05:14","modified_gmt":"2024-08-08T08:05:14","slug":"wie-lange-kann-das-noch-gutgehen","status":"publish","type":"post","link":"https:\/\/gilbertbrands.de\/blog\/2024\/08\/14\/wie-lange-kann-das-noch-gutgehen\/","title":{"rendered":"Wie lange kann das noch gutgehen?"},"content":{"rendered":"\n<p>Wie k\u00fcrzlich und mal wieder folgenlos bekannt wurde, werden von den Bundesministerien weiterhin nicht nur unkontrolliert weitere Migranten ins Land gelassen, sondern sogar eingeflogen, darunter auch viele, die die deutschen Botschaften in den Herkunftsl\u00e4ndern als Kriminelle und Spione bezeichnen. Aber solch aufm\u00fcpfiges Botschaftspersonal kann man ja entlassen, genau wie voraussichtlich Mitarbeiter in Ermittlungsbeh\u00f6rden, die den Vorw\u00fcrfen nachgehen. Skandale? Gesetzesverst\u00f6\u00dfe? &#8211; Hauptsache, die Frisur sitzt!<\/p>\n\n\n\n<!--more-->\n\n\n\n<p>Wohin mit den Ank\u00f6mmlingen, wenn sie denn schon mal hier sind? Das ist dann Landessache. Die Migranten werden vom Bund auf die L\u00e4nder verteilt, nat\u00fcrlich ohne gro\u00dfen Kostenzuschuss. War ja schon teuer genug, sie per Flieger usw. hier hin zu holen. Sollen sich doch die L\u00e4nder drum k\u00fcmmern.<\/p>\n\n\n\n<p>Die k\u00f6nnten wiederum abschieben, was die billigste M\u00f6glichkeit w\u00e4re. Selbst h\u00f6here Gerichte erkl\u00e4ren verschiedene Herkunftsl\u00e4nder zu &#8222;sicheren L\u00e4ndern&#8220;. Wird aber nicht gemacht. Als Ausrede dient meist, dass man die Herkunft nicht genau feststellen k\u00f6nnte oder das Zielland die Aufnahme verweigert. Der gleiche Staat, der akribisch kontrolliert, ob bei Ihnen tats\u00e4chlich nur 3 Personen zu einer Familienfeier gekommen sind, bekommt ansonsten nichts auf die Reihe. Was also machen mit den Nichtabschiebbaren? Genau, weiter verteilen an die Landkreise, nat\u00fcrlich auch ohne Kostenerstattung. Die Landkreise machen, wenn es geht, so weiter und verteilen an die Kommunen.<\/p>\n\n\n\n<p>Die sind nun zur Unterbringung verpflichtet und m\u00fcssen auch die Kosten \u00fcbernehmen. Komplett. Irgendwelche Mitspracherechte gibt es f\u00fcr sie nicht. Allerdings f\u00e4ngt nun die Sache an, wieder nach oben zur\u00fcck zu laufen.<\/p>\n\n\n\n<p>Die Kommunen sind vielfach pleite und k\u00f6nnen die Kosten nicht stemmen. Gezahlt werden Mitarbeiter, Migranten, Sonstiges (Schulen, Verkehrswege, usw.), und zwar genau in der Reihenfolge. Vielfach wird &#8222;Sonstiges&#8220; schon gar nicht mehr ber\u00fccksichtigt, was nat\u00fcrlich eine Abw\u00e4rtsspirale bez\u00fcglich der Gewerbeeinnahmen bewirkt. Inzwischen ist die Lage so verfahren, dass es immer mehr Kommunalpolitiker aufgeben. Wozu sich engagieren? Sie m\u00fcssen die Migranten versorgen und k\u00f6nnen ihren W\u00e4hlern zum Schluss noch nicht mal einen geteerten Fahrradweg bieten. Bei den letzten Wahlen konnte die AfD viele der Ratspositionen gar nicht mehr besetzen, weil keiner so eine Position wollte &#8211; und andere Parteien werden nachziehen.<\/p>\n\n\n\n<p>Ohnehin werden die Verwaltungseinheiten unter die Aufsicht der n\u00e4chsth\u00f6heren Einheit gestellt: die Gemeinder\u00e4te k\u00f6nnen bestimmen, was sie wollen, entscheiden tut der Landkreis. Inzwischen sind aber auch die hoffnungslos \u00fcberschuldet und auch auf lange Sicht nicht in der Lage, die Schulden wieder abzubauen. Vermutlich ist es nur eine Frage der Zeit, und dann ist das Land an der Reihe, weil ein Landkreis den Bankrott erkl\u00e4rt hat. <\/p>\n\n\n\n<p>Wie bekannt, wird &#8222;Sonstiges&#8220; ohnehin schon kaputt gespart: marode Stra\u00dfen, marode Kommunikationsstrukturen, marode Schulen und obendrauf eine aufgrund einer v\u00f6llig irrsinnigen Energiepolitik bald nicht mehr alle versorgenden Energieinfrastruktur. Weniger Unternehmen, weniger Konsum, weniger Steuern. <\/p>\n\n\n\n<p>Der n\u00e4chste Sparschnitt wird dann die Migrantenversorgung treffen: noch verdienen manche &#8222;Mitb\u00fcrger&#8220; recht gut daran, ihre Immobilien f\u00fcr die Migranten zur Verf\u00fcgung zu stellen, aber irgendwann werden die Mietzahlungen ausbleiben (was dann? Ja, was dann? Auf die Gesichter freue ich mich schon!), das Sicherheitspersonal zur\u00fcck gefahren und sonstige Leistungen eingestellt. Und es ist auch nicht unm\u00f6glich, dass der eine oder andere &#8222;sichere Arbeitsplatz&#8220; im \u00f6ffentlichen Dienst nicht mehr ben\u00f6tigt wird. <\/p>\n\n\n\n<p>Gro\u00dfbritannien zeigt, wohin die Reise geht. Inzwischen gehen dort die verschiedenen Gruppen (Einheimische Briten, Moslems, usw) aufeinander los. Die britische Regierung versucht, durch Repression die Lage wieder in den Griff zu bekommen &#8211; das \u00dcbel verstanden und an die Wurzeln gehen: Fehlanzeige. Auch hier werden die Klagen lauter, dass die Situation in den Ghettos immer unappetitlicher wird. Wer als Urdeutscher nicht wegzieht oder nicht wegziehen kann, muss sich halt mobben lassen. Und trotzdem gie\u00dfen die Regierenden weiterhin \u00d6l ins Feuer, indem sie noch mehr Migranten hereinholen, jede Kritik unterdr\u00fccken und an den Schulen statt Lesen\/Rechnen\/Schreiben LBGT-Vorschl\u00e4ge auf den Lehrplan setzen, was man mit dem Popoloch und anderen K\u00f6rper\u00f6ffnungen so machen kann. <\/p>\n\n\n\n<p>Wie lange kann das noch so laufen? Und wer wird anfangen? Ich tippe da auf Migrantegruppen, die aufgrund der v\u00f6lligen Perspektivlosigkeit in Schland (durch die Politik verursacht, die au\u00dfer Sprechblasen auch hier nichts zu bieten hat) und der weitestgehenden Unt\u00e4tigkeit der Beh\u00f6rden irgendwann ausrasten und marodierend durch die Viertel ziehen.<\/p>\n","protected":false},"excerpt":{"rendered":"<p>Wie k\u00fcrzlich und mal wieder folgenlos bekannt wurde, werden von den Bundesministerien weiterhin nicht nur unkontrolliert weitere Migranten ins Land gelassen, sondern sogar eingeflogen, darunter auch viele, die die deutschen Botschaften in den Herkunftsl\u00e4ndern als Kriminelle und Spione bezeichnen. Aber solch aufm\u00fcpfiges Botschaftspersonal kann man ja entlassen, genau wie voraussichtlich Mitarbeiter in Ermittlungsbeh\u00f6rden, die den &hellip; <a href=\"https:\/\/gilbertbrands.de\/blog\/2024\/08\/14\/wie-lange-kann-das-noch-gutgehen\/\" class=\"more-link\"><span class=\"screen-reader-text\">Wie lange kann das noch gutgehen?<\/span> weiterlesen <span class=\"meta-nav\">&rarr;<\/span><\/a><\/p>\n","protected":false},"author":1,"featured_media":0,"comment_status":"closed","ping_status":"closed","sticky":false,"template":"","format":"standard","meta":{"footnotes":""},"categories":[1],"tags":[],"class_list":["post-10863","post","type-post","status-publish","format-standard","hentry","category-allgemein"],"post_mailing_queue_ids":[],"_links":{"self":[{"href":"https:\/\/gilbertbrands.de\/blog\/wp-json\/wp\/v2\/posts\/10863","targetHints":{"allow":["GET"]}}],"collection":[{"href":"https:\/\/gilbertbrands.de\/blog\/wp-json\/wp\/v2\/posts"}],"about":[{"href":"https:\/\/gilbertbrands.de\/blog\/wp-json\/wp\/v2\/types\/post"}],"author":[{"embeddable":true,"href":"https:\/\/gilbertbrands.de\/blog\/wp-json\/wp\/v2\/users\/1"}],"replies":[{"embeddable":true,"href":"https:\/\/gilbertbrands.de\/blog\/wp-json\/wp\/v2\/comments?post=10863"}],"version-history":[{"count":1,"href":"https:\/\/gilbertbrands.de\/blog\/wp-json\/wp\/v2\/posts\/10863\/revisions"}],"predecessor-version":[{"id":10864,"href":"https:\/\/gilbertbrands.de\/blog\/wp-json\/wp\/v2\/posts\/10863\/revisions\/10864"}],"wp:attachment":[{"href":"https:\/\/gilbertbrands.de\/blog\/wp-json\/wp\/v2\/media?parent=10863"}],"wp:term":[{"taxonomy":"category","embeddable":true,"href":"https:\/\/gilbertbrands.de\/blog\/wp-json\/wp\/v2\/categories?post=10863"},{"taxonomy":"post_tag","embeddable":true,"href":"https:\/\/gilbertbrands.de\/blog\/wp-json\/wp\/v2\/tags?post=10863"}],"curies":[{"name":"wp","href":"https:\/\/api.w.org\/{rel}","templated":true}]}}