{"id":10831,"date":"2024-08-05T12:43:00","date_gmt":"2024-08-05T10:43:00","guid":{"rendered":"https:\/\/gilbertbrands.de\/blog\/?p=10831"},"modified":"2024-08-04T08:24:47","modified_gmt":"2024-08-04T06:24:47","slug":"wer-waehlt-wen-und-warum","status":"publish","type":"post","link":"https:\/\/gilbertbrands.de\/blog\/2024\/08\/05\/wer-waehlt-wen-und-warum\/","title":{"rendered":"Wer w\u00e4hlt wen und warum?"},"content":{"rendered":"\n<p>Noch immer gibt es Leute, die sich etwas von den scheindemokratischen Wahlen versprechen. Scheindemokratisch, weil das so genannte Verfassungsgericht geraden den Art. 38 GG (Direktwahl) und damit ein sehr wesentliches Element der Demokratie weitgehend abgeschafft hat.<\/p>\n\n\n\n<!--more-->\n\n\n\n<pre class=\"wp-block-preformatted\"><strong>Grundgesetz f\u00fcr die Bundesrepublik Deutschland\nArt 38&nbsp; <\/strong>\n (1) Die  Abgeordneten des Deutschen Bundestages werden in allgemeiner, <strong> unmittelbarer, freier, gleicher und geheimer Wahl gew\u00e4hlt<\/strong>. Sie sind  Vertreter des ganzen Volkes, an Auftr\u00e4ge und Weisungen nicht gebunden  und nur ihrem Gewissen unterworfen.\n(2)  Wahlberechtigt ist, wer das achtzehnte Lebensjahr vollendet hat; w\u00e4hlbar  ist, wer das Alter erreicht hat, mit dem die Vollj\u00e4hrigkeit eintritt.\n(3) Das N\u00e4here bestimmt ein Bundesgesetz.<\/pre>\n\n\n\n<p>Wobei das nicht unbedingt schlimm ist, steckt doch in Abs (3) ohnehin die M\u00f6glichkeit des beliebigen \u00dcberschreibens drin.<\/p>\n\n\n\n<p>Schaut man sich die Wahlprognosen an, ist selbst im Osten die CDU, von der die gesamte Misere ausging, Spitzenreiter. Die AfD d\u00fcmpelt vor sich hin, das BSW hat starken Aufwind und lediglich die Hampelparteien sind im Aus.<\/p>\n\n\n\n<p>Die Spitzenreiterschaft der CDU ist eigenartig, denn nicht nur hat sie in Gestalt von Merkel seit 2015 und im Verbund mit Spahn seit 2020 den heutigen Schlamassel verursacht. Die Hampelkoalition ist lediglich ein Effekt der CDU-Abwahl, und es scheint wieder so zu kommen, dass die n\u00e4chste Regierungskoalition keine gew\u00fcnschte, sondern Ergebnis einer Abwahl ist. <\/p>\n\n\n\n<p>Wenn man auf den CDU-Chef und seine Riege schaut und seine \u00f6ffentlichen Auftritte mit denen seiner SPD- oder Gr\u00fcnen-Konkurrenten vergleicht, l\u00e4sst sich der Schluss kaum von der Hand weisen, man habe eine beliebig austauschbare Masse charakterloser Opportunisten vor sich, denen Land und Leute v\u00f6llig gleichg\u00fcltig sind, wenn auch derzeit die Opposition nicht ganz so offensichtlich in alle m\u00f6glichen Korruptionsaffairen verwickelt ist. Nicht von ungef\u00e4hr t\u00f6nt es aus vielen alternativen Medien von Reitschuster bis Tichy, dass man mit einem SPD-2-CDU-Wechsel nur vom Regen in die Traufe kommt. <\/p>\n\n\n\n<p>Es ist \u00fcberhaupt erstaunlich, wie wenig selbst Kritiker \u00fcber die einzelnen Parteien wissen. So st\u00f6\u00dft man auch in den o.g. kritischen Medien nach kurzer Zeit auf mehr oder weniger energische Ablehnungsbekundungen der AfD und neuerdings auch des BSW, ohne dass sich einer von den Redakteuren dazu herabl\u00e4sst, das genauer zu erl\u00e4utern. Im besten Fall kommen ein paar Unterstellungen des Mainstreams ohne irgendwelche Belege. Die Erkenntnis<\/p>\n\n\n\n<blockquote class=\"wp-block-quote is-layout-flow wp-block-quote-is-layout-flow\"><p><strong>Wenn  man eine gro\u00dfe L\u00fcge erz\u00e4hlt und sie oft genug wiederholt<\/strong>, <strong>dann werden  die Leute sie am Ende glauben.<\/strong> &#8230;<\/p><cite>u.a. achgut.com, wo behauptet wird, das stamme von Goebbels. <a href=\"https:\/\/falschzitate.blogspot.com\/2017\/12\/eine-luge-muss-nur-oft-genug-wiederholt.html\" target=\"_blank\" rel=\"noreferrer noopener\" aria-label=\"Das tut es nicht, denn der hat dummerweise das Gegenteil vertreten. (\u00f6ffnet in neuem Tab)\">Das tut es nicht, denn der hat dummerweise das Gegenteil vertreten.<\/a><\/cite><\/blockquote>\n\n\n\n<p>hat offenbar auch bei diesen Leuten eingeschlagen, Falschzitate inklusive.<\/p>\n\n\n\n<p>Halten wir mal fest: das Gros der W\u00e4hler w\u00e4hlt nicht jemanden, den es will, sondern es versucht, jemanden abzuw\u00e4hlen, koste es, was es wolle. Mal Hand aufs Herz: wenn Sie jetzt in Richtung CDU tendieren, dann deshalb, weil Sie Friedrich Merz und Jens Spahn wieder an der Spitze sehen wollen? Oder eher deshalb, um sich nicht weiter \u00fcber unselige Gestalten wie Olaf Scholz, Robert Habeck, Annalena Baerbock und Christian Lindner \u00e4rgern zu m\u00fcssen, weil die mit zunehmender Geschwindigkeit Ihren bescheidenen Wohlstand vernichten? <\/p>\n\n\n\n<p>Gehen wir den Weg der zunehmenden Verschlechterung des Lebens durch die politischen Hasardeure mal noch einen Schritt weiter: das augenblickliche Chaos ist jetzt fast 5 Jahre alt und wird t\u00e4glich schlimmer, Ende nicht in Sicht, auch nicht auf l\u00e4ngere Zeit. Die Nationalsozialisten haben in einer wom\u00f6glich noch chaotischeren Zeit 12 Jahre ben\u00f6tigt, um ans Ruder zu kommen. Gibt es irgendwo einen Punkt, wo Sie bei einer Wahl das Kreuz bei der NSDAP machen w\u00fcrde, sollte die auf dem Wahlzettel erscheinen, nur um die aktuelle Mischpoke endlich los zu werden? Und k\u00f6nnte es nicht damals genauso gewesen sein? Ein Ende des Schreckens um jeden Preis, auch um den eines m\u00f6glichen Schreckens ohne Ende, weil es so nicht mehr weitergehen darf?<\/p>\n","protected":false},"excerpt":{"rendered":"<p>Noch immer gibt es Leute, die sich etwas von den scheindemokratischen Wahlen versprechen. Scheindemokratisch, weil das so genannte Verfassungsgericht geraden den Art. 38 GG (Direktwahl) und damit ein sehr wesentliches Element der Demokratie weitgehend abgeschafft hat. Download Artikel als PDF<\/p>\n","protected":false},"author":1,"featured_media":0,"comment_status":"closed","ping_status":"closed","sticky":false,"template":"","format":"standard","meta":{"footnotes":""},"categories":[1],"tags":[],"class_list":["post-10831","post","type-post","status-publish","format-standard","hentry","category-allgemein"],"post_mailing_queue_ids":[],"_links":{"self":[{"href":"https:\/\/gilbertbrands.de\/blog\/wp-json\/wp\/v2\/posts\/10831","targetHints":{"allow":["GET"]}}],"collection":[{"href":"https:\/\/gilbertbrands.de\/blog\/wp-json\/wp\/v2\/posts"}],"about":[{"href":"https:\/\/gilbertbrands.de\/blog\/wp-json\/wp\/v2\/types\/post"}],"author":[{"embeddable":true,"href":"https:\/\/gilbertbrands.de\/blog\/wp-json\/wp\/v2\/users\/1"}],"replies":[{"embeddable":true,"href":"https:\/\/gilbertbrands.de\/blog\/wp-json\/wp\/v2\/comments?post=10831"}],"version-history":[{"count":2,"href":"https:\/\/gilbertbrands.de\/blog\/wp-json\/wp\/v2\/posts\/10831\/revisions"}],"predecessor-version":[{"id":10836,"href":"https:\/\/gilbertbrands.de\/blog\/wp-json\/wp\/v2\/posts\/10831\/revisions\/10836"}],"wp:attachment":[{"href":"https:\/\/gilbertbrands.de\/blog\/wp-json\/wp\/v2\/media?parent=10831"}],"wp:term":[{"taxonomy":"category","embeddable":true,"href":"https:\/\/gilbertbrands.de\/blog\/wp-json\/wp\/v2\/categories?post=10831"},{"taxonomy":"post_tag","embeddable":true,"href":"https:\/\/gilbertbrands.de\/blog\/wp-json\/wp\/v2\/tags?post=10831"}],"curies":[{"name":"wp","href":"https:\/\/api.w.org\/{rel}","templated":true}]}}