{"id":10743,"date":"2024-06-26T09:35:43","date_gmt":"2024-06-26T07:35:43","guid":{"rendered":"https:\/\/gilbertbrands.de\/blog\/?p=10743"},"modified":"2024-06-26T09:35:43","modified_gmt":"2024-06-26T07:35:43","slug":"gedanken-eines-erlebenden","status":"publish","type":"post","link":"https:\/\/gilbertbrands.de\/blog\/2024\/06\/26\/gedanken-eines-erlebenden\/","title":{"rendered":"Gedanken eines &#8222;Erlebenden&#8220;"},"content":{"rendered":"\n<p>Ich war jetzt eine Weile offline, haupts\u00e4chlich wegen eines Urlaubs. Traumhafte Passstra\u00dfen in den Pyren\u00e4en und den Cevennen: auf der einen Seite 10m Feldwand, auf der anderen der Steilhang ins Tal, das so tief unten liegt, dass selbst das Licht zwei Minuten braucht, um unten anzukommen, dazu Kehren, in denen selbst GS-Fahrer einmal absetzen m\u00fcssen, und das Ganze zwar asphaltiert, aber gerade mal 2,5 m breit. Eigentlich nichts f\u00fcr eine Big Twin, aber Spa\u00df hat es trotzdem gemacht. Aber auch ohne das wollte ich weniger online sein: bei diesem verkorksten Volk n\u00fctzt ohnehin nichts mehr und es wird jeden Tag schlimmer, auch wenn man das kaum noch glauben kann.<\/p>\n\n\n\n<p><strong>Was ist ein &#8222;Erlebender&#8220;?<\/strong><\/p>\n\n\n\n<!--more-->\n\n\n\n<p>Nach neuester Definition so genannter &#8222;Kultur-Wissenschaftler&#8220; eine dem bekannten &#8222;S\u00fcdl\u00e4nder&#8220; oder &#8222;Einmann&#8220; \u00e4hnliche Bezeichnung, allerdings f\u00fcr die Opfer von Massenvergewaltigungen, Gruppenschl\u00e4gereien oder Messerstechereien. Also nicht mehr &#8222;vergewaltigte Frau&#8220; oder &#8222;ins Koma gepr\u00fcgelter junger deutscher Mann&#8220; oder &#8222;erstochener Polizist&#8220;, sondern kurz &#8222;Erlebender&#8220;, als Term anscheinend sogar dankbar von der Mainstreampresse aufgegriffen. Da kann man nur hoffen, dass die ganze gr\u00fcn-rot-gelb-schwarze Mischpoke wirklich mal das erlebt, was sie verdient, was sie allerdings schwerlich \u00fcberleben wird, sollte der Fall tats\u00e4chlich einmal eintreten.<\/p>\n\n\n\n<p>Ich bin &#8222;Erlebender&#8220; dieses &#8211; nun, in Frankreich nennt man das Land &#8222;Allemagne&#8220;, obwohl ich fallweise den Begriff &#8222;Allemerde&#8220; vorgezogen habe, wenn ich dort gefragt wurde, wo ich herkomme. Was stelle ich fest?<\/p>\n\n\n\n<p>Erst mal die harmlosen Sachen: fr\u00fcher galt Ehrlichkeit und zu seinem Wort stehen als eine der hiesigen Tugenden. Seit Merkel, Scholz &amp; Co. ist vors\u00e4tzlicher Betrug auf h\u00f6chster Ebene die neue Tugend, sei es, um sich hemmungslos zu bereichern, sei es, um das Land in einen Krieg zu st\u00fcrzen. Inzwischen ist der Angeh\u00f6rige einer s\u00fcdosteurop\u00e4ischen nicht sesshaften Volksgruppe, der versucht, einem an der Autobahntanke eine echt goldene Rolex f\u00fcr 150\u20ac anzudrehen, vertrauensw\u00fcrdiger als jeder Vertreter dieses Staates. Im Zweifelsfall sollte man dem Zigeuner den Vorrang geben. <\/p>\n\n\n\n<p>Fr\u00fcher galt auch Arbeit, Flei\u00df und Bildung als Tugend, heute sind diese Eigenschaften eher hinderlich und als ausgeprochene Bl\u00f6dheit zu betrachten. Daf\u00fcr sind L\u00fcgen und Denunziation der neue Volkssport. Aber das sind die harmloseren Beobachtungen.<\/p>\n\n\n\n<p>Seit Corona sind staatlicher Mord und Vernichtung der Menschenw\u00fcrde in jeglicher Form die neue Staatsr\u00e4son. Zehntausende \u00e4lterer Menschen wurden gezwungen, alleine und ohne Beistand zu krepieren, andere wurden durch verordnete oder verhinderte Behandlungsmethoden hingemordet oder siechen noch dahin, weitere wurden mit experimentellen Gentherapien ermordet oder schwerst gesch\u00e4digt. Wo ist der Unterschied zu NS-\u00c4rzten oder denen der japanischen Armee, die Gefangene oder KZ-Lagerinsassen zum Gegenstand zweifelhafter &#8222;medizinischer&#8220; Experimente gemacht haben?  <\/p>\n\n\n\n<p>Und das Schlimmste daran sind nicht die Politiker, die das bewusst und vors\u00e4tzlich in die Wege geleiten haben, sondern die 80%, die begeistert mitgemacht haben, einschlie\u00dflich der \u00c4rzte und anderer Fachleute. Noch heute werden beispielsweise Richter verurteilt, weil sie der Menschenw\u00fcrde Vorrang vor politischen Allmachtsall\u00fcren gegeben haben, oder \u00c4rzte, weil sie ihrem Gewissen und ihrem Berufseid gefolgt sind anstatt feige den Schwanz einzukneifen und den Patienten ans Messer bzw. an die Nadel zu liefern. Und nicht einen hat das ganze Tun seinen Job gekostet, nicht einen. Im Gegenteil sind die meisten auch noch f\u00fcr ihre Unmenschlichkeit bef\u00f6rdert worden. Wenn man so etwas schreibt, sind die Betroffenen schnell dabei mit dem Wort &#8222;Hass&#8220;, aber das ist kein Hass, es ist nur noch abgrundtiefer <strong>Ekel<\/strong>, den man f\u00fcr dieses Volk empfinden kann.<\/p>\n\n\n\n<p>Noch mehr ans Eingemachte: &#8222;nie wieder&#8220; bedeutet eine Verherrlichung ukrainischer Nazis im \u00fcbelsten Sinn des Wortes und ein Herr Scholz entbietet dem Parlament den Gru\u00df &#8222;Slawa Ukraiini&#8220;, was geschichtlich nichts anderes ist als die ukrainische Version von &#8222;Heil H.&#8220;. Ein Staat, in dessen Scheinverfassung die Bem\u00fchungen um Frieden festgeschrieben sind, provoziert bewusst einen Krieg, lehnt jegliche Verhandlungen ab und liefert statt dessen Waffen, die auch gegen zivile Ziele eingesetzt werden, w\u00e4hrend im Land versucht wird, das Volk mit allen Mitteln zum V\u00f6lkerhass und zum Krieg aufzustacheln. Was in der Ukraine passiert, kann man ohne \u00dcbertreibung als V\u00f6lkermord bezeichnen, begangen an den Ukrainern und leitend begangen von der deutschen Regierung. Seit Jahren werden auch deutsche Waffen eingesetzt, um zivile Ziele in den ostukrainischen Provinzen und in Russland selbst anzugreifen &#8211; aus v\u00f6lkerrechtlicher Sicht eindeutiger Terrorismus und Kriegsverbrechen. Und man bem\u00fcht sich noch, dem Weiteres darauf zu setzen. Zum Einsatz kommt ge\u00e4chtete Streumunition, auch gegen Zivilisten, ein weiteres schweres Kriegsverbrechen. Und das alles nicht etwa zuf\u00e4llig, sondern absichtlich. Allemerde &#8211; ein Synomym f\u00fcr Kriegsverbrechen, Terrorismus und V\u00f6lkermord. Dabei sind durchaus nicht unwahrscheinlich klingende Berichte \u00fcber Organ-, Kinder- und Menschenhandel, an denen auch westliche Politiker beteiligt sein sollen, noch gar nicht mal ber\u00fccksichtigt. Mag sein, dass man das offiziell nicht so sieht und solche \u00c4u\u00dferungen als &#8222;staatsfeindlich&#8220; und &#8222;vors\u00e4tzliche Desinformation&#8220; ansieht, aber diejenigen, die sich ereifern, sollten sich mal daran erinnern, dass sie selbst vor gar nicht allzu langer Zeit diejenigen als Helden gefeiert haben, die in NS-Deutschland nicht die Klappe gehalten haben und sich daf\u00fcr gesch\u00e4mt haben, Deutsche zu sein. So weit ist es auch jetzt wieder gekommen: ich sch\u00e4me mich daf\u00fcr, zu einem solchen Land zu geh\u00f6ren.<\/p>\n\n\n\n<p>Nach Gr\u00fcndung des Deutschen Reiches 1871 d\u00fcrfte man der Meinung sein, dass die Abgr\u00fcnde der Deutschen Justiz und des Deutschen Journalismus in den ersten 120 Jahren gr\u00fcndlich ausgemessen wurden. Jetzt, 150 Jahre sp\u00e4ter, muss man allerdings sagen, dass das ein Irrtum ist. Selbst in NS-Deutschland und in der DDR handelt man nach Gesetzen, so irrsinnig und unmenschlich diese auch gewesen sein m\u00f6gen. Immerhin versuchte man dort noch, echte Kriminelle zur Rechenschaft zu ziehen. Heute interessiert sich die Justiz einen Dreck um den Inhalt von Gesetzen, urteilt je nach Gesinnung mal so und mal so, l\u00e4sst Straft\u00e4ter laufen und produziert k\u00fcnstlich Gesinnungsopfer\u00b9\u207e. Und eine Presse verschweigt nicht nur s\u00e4mtliche Nachrichten, die nicht der Gesinnung entsprechen\u00b2\u207e, sondern verh\u00f6hnt die Opfer auch noch als &#8222;Erlebende&#8220;. <\/p>\n\n\n\n<hr class=\"wp-block-separator\"\/>\n\n\n\n<p class=\"has-small-font-size\">\u00b9\u207e So sind die T\u00e4ter einer Gruppenvergewaltigung bis auf einen alle frei gekommen, w\u00e4hrend die Justiz nun 140 Strafverfahren gegen diejenigen pr\u00fcft, die sich im Internet dar\u00fcber aufgeregt haben. Einer von Hunderten von Einzelf\u00e4llen.<\/p>\n\n\n\n<p class=\"has-small-font-size\">\u00b2\u207e Oder hat jemand in der Presse vom ukrainischen Angriff auf Badestr\u00e4nde an der Krim mit Streumunition gelesen? Oder vom ukrainischen Kommentar dazu, &#8222;es gib keine Zivilisten, es gibt nur zivile Besatzer&#8220;? Menschverachtende Handlungen und Aussagen, hinter denen die deutsche Regierung anscheinend geschlossen steht.<\/p>\n","protected":false},"excerpt":{"rendered":"<p>Ich war jetzt eine Weile offline, haupts\u00e4chlich wegen eines Urlaubs. Traumhafte Passstra\u00dfen in den Pyren\u00e4en und den Cevennen: auf der einen Seite 10m Feldwand, auf der anderen der Steilhang ins Tal, das so tief unten liegt, dass selbst das Licht zwei Minuten braucht, um unten anzukommen, dazu Kehren, in denen selbst GS-Fahrer einmal absetzen m\u00fcssen, &hellip; <a href=\"https:\/\/gilbertbrands.de\/blog\/2024\/06\/26\/gedanken-eines-erlebenden\/\" class=\"more-link\"><span class=\"screen-reader-text\">Gedanken eines &#8222;Erlebenden&#8220;<\/span> weiterlesen <span class=\"meta-nav\">&rarr;<\/span><\/a><\/p>\n","protected":false},"author":1,"featured_media":0,"comment_status":"closed","ping_status":"closed","sticky":false,"template":"","format":"standard","meta":{"footnotes":""},"categories":[1],"tags":[],"class_list":["post-10743","post","type-post","status-publish","format-standard","hentry","category-allgemein"],"post_mailing_queue_ids":[],"_links":{"self":[{"href":"https:\/\/gilbertbrands.de\/blog\/wp-json\/wp\/v2\/posts\/10743","targetHints":{"allow":["GET"]}}],"collection":[{"href":"https:\/\/gilbertbrands.de\/blog\/wp-json\/wp\/v2\/posts"}],"about":[{"href":"https:\/\/gilbertbrands.de\/blog\/wp-json\/wp\/v2\/types\/post"}],"author":[{"embeddable":true,"href":"https:\/\/gilbertbrands.de\/blog\/wp-json\/wp\/v2\/users\/1"}],"replies":[{"embeddable":true,"href":"https:\/\/gilbertbrands.de\/blog\/wp-json\/wp\/v2\/comments?post=10743"}],"version-history":[{"count":1,"href":"https:\/\/gilbertbrands.de\/blog\/wp-json\/wp\/v2\/posts\/10743\/revisions"}],"predecessor-version":[{"id":10744,"href":"https:\/\/gilbertbrands.de\/blog\/wp-json\/wp\/v2\/posts\/10743\/revisions\/10744"}],"wp:attachment":[{"href":"https:\/\/gilbertbrands.de\/blog\/wp-json\/wp\/v2\/media?parent=10743"}],"wp:term":[{"taxonomy":"category","embeddable":true,"href":"https:\/\/gilbertbrands.de\/blog\/wp-json\/wp\/v2\/categories?post=10743"},{"taxonomy":"post_tag","embeddable":true,"href":"https:\/\/gilbertbrands.de\/blog\/wp-json\/wp\/v2\/tags?post=10743"}],"curies":[{"name":"wp","href":"https:\/\/api.w.org\/{rel}","templated":true}]}}