{"id":10622,"date":"2024-05-04T06:00:00","date_gmt":"2024-05-04T04:00:00","guid":{"rendered":"https:\/\/gilbertbrands.de\/blog\/?p=10622"},"modified":"2024-04-30T08:41:42","modified_gmt":"2024-04-30T06:41:42","slug":"wer-hat-uns-verraten-sozialdemokraten","status":"publish","type":"post","link":"https:\/\/gilbertbrands.de\/blog\/2024\/05\/04\/wer-hat-uns-verraten-sozialdemokraten\/","title":{"rendered":"Wer hat uns verraten? Sozialdemokraten!"},"content":{"rendered":"\n<p>Unter dem Motto<\/p>\n\n\n\n<h3 class=\"wp-block-heading\">Mittelstand steht auf \u2013 Wer die Party bezahlt, soll auch entscheiden d\u00fcrfen<\/h3>\n\n\n\n<p><a href=\"https:\/\/rtde.site\/inland\/204200-mittelstand-steht-auf-wer-mit\/\" target=\"_blank\" rel=\"noreferrer noopener\" aria-label=\"hat eine Mittelstandsvereinigung in K\u00f6ln eine Anti-Hampel-Regierung-Veranstaltung durchgef\u00fchrt. (\u00f6ffnet in neuem Tab)\">hat eine Mittelstandsvereinigung in K\u00f6ln eine Anti-Hampel-Regierung-Veranstaltung durchgef\u00fchrt.<\/a><\/p>\n\n\n\n<!--more-->\n\n\n\n<p>Das ist noch nicht weiter bemerkenswert. Viel bemerkenswerter ist, dass die Antifa potentielle Teilnehmer im Vorfeld terrorisiert und bedroht hat, so dass die Teilnehmeranzahl extrem bescheiden ausfiel. Eine anschlie\u00dfende Demo fand &#8222;auf Anraten der Polizei&#8220;, die sich offensichtlich nicht mit ihren Antifa-Br\u00fcdern anlegen will, nicht statt, wohl aber ein Auto-Korso. Demokratie-Verhinderung live, Polizei wie immer mitten drin.<\/p>\n\n\n\n<p>Neu ist das nicht:<\/p>\n\n\n\n<figure class=\"wp-block-embed-wordpress wp-block-embed is-type-wp-embed is-provider-gemeinheiten-amp-beobachtungen\"><div class=\"wp-block-embed__wrapper\">\n<blockquote class=\"wp-embedded-content\" data-secret=\"johcBlYJ3K\"><a href=\"https:\/\/gilbertbrands.de\/blog\/2018\/02\/19\/sind-die-linksfaschisten-noch-zu-stoppen\/\">Sind die Linksfaschisten noch zu stoppen ?<\/a><\/blockquote><iframe loading=\"lazy\" class=\"wp-embedded-content\" sandbox=\"allow-scripts\" security=\"restricted\" style=\"position: absolute; visibility: hidden;\" title=\"&#8222;Sind die Linksfaschisten noch zu stoppen ?&#8220; &#8212; Gemeinheiten &amp; Beobachtungen\" src=\"https:\/\/gilbertbrands.de\/blog\/2018\/02\/19\/sind-die-linksfaschisten-noch-zu-stoppen\/embed\/#?secret=711Y6u5ny5#?secret=johcBlYJ3K\" data-secret=\"johcBlYJ3K\" width=\"600\" height=\"338\" frameborder=\"0\" marginwidth=\"0\" marginheight=\"0\" scrolling=\"no\"><\/iframe>\n<\/div><\/figure>\n\n\n\n<p>Und wer nach &#8222;Antifa&#8220; im Blog sucht, hat eine Weile was zu lesen. Und wer steckt dahinter? Am 6. September 2018 titelte der &#8222;Vorw\u00e4rts&#8220;, das damalige zentrale SPD-Parteiorgan (heute ist die Basis mit ARD, ZDF, SPIEGEL, ZEIT, S\u00dcDDEUTSCHE usw viel breiter)<\/p>\n\n\n\n<h2 class=\"wp-block-heading\"><a href=\"https:\/\/vorwaerts.de\/meinung\/im-kampf-gegen-rechts-braucht-die-spd-auch-die-antifa\" target=\"_blank\" rel=\"noreferrer noopener\" aria-label=\"Im Kampf gegen rechts braucht die SPD auch die Antifa (\u00f6ffnet in neuem Tab)\">Im Kampf gegen rechts braucht die SPD auch die Antifa<\/a><\/h2>\n\n\n\n<p>Unter Berufung auf &#8222;die Vorg\u00e4nge in Chemnitz&#8220; &#8211; zur Erinnerung: das waren die L\u00fcgen, f\u00fcr deren Klarstellung der damalige Verfassungsschmutz-Chef Maa\u00dfen seinen Job verlor und durch einen echten <a rel=\"noreferrer noopener\" aria-label=\"Jeschow (\u00f6ffnet in neuem Tab)\" href=\"https:\/\/de.wikipedia.org\/wiki\/Nikolai_Iwanowitsch_Jeschow\" target=\"_blank\">Jeschow<\/a> ersetzt wurde &#8211; steht dort:<\/p>\n\n\n\n<blockquote class=\"wp-block-quote is-layout-flow wp-block-quote-is-layout-flow\"><p>Niemand will B\u00fcndnisse mit gewaltbereiten Schl\u00e4gern, aber gerade weil insbesondere junge Menschen, die sich antifaschistisch und antirassistisch in diesem Land engagieren, oft kriminalisiert und vorverurteilt werden, ist es verdammt noch mal unsere Aufgabe, an ihrer Seite zu stehen. Es ist unsere Aufgabe, die Diskussion und kritische Solidarit\u00e4t mit ihnen zu suchen.<\/p><\/blockquote>\n\n\n\n<p>Also halten wir noch mal fest: die SPD l\u00e4sst Kritik an ihrer Kriegs- und sonstigen Wahnsinnspolitik durch ihre Antifa-Sturmtruppe weitestgehend eind\u00e4mmen und die Polizei den Verzicht auf demokratische Rechte predigen. <\/p>\n\n\n\n<p>Nach dem 1. Weltkrieg f\u00fchrte das organisierte Chaos dazu, dass sich letztlich alle Gruppen bewaffneten und sich gegenseitig auf der Stra\u00dfe die Birne einschlugen. Durch die Kriegsverbrechens-, Energie- und Ausl\u00e4nder-rein-politik n\u00e4hert sich dieses Land wieder dem organisierten Chaos. Wird der Rest dann auch wiederholt?<\/p>\n","protected":false},"excerpt":{"rendered":"<p>Unter dem Motto Mittelstand steht auf \u2013 Wer die Party bezahlt, soll auch entscheiden d\u00fcrfen hat eine Mittelstandsvereinigung in K\u00f6ln eine Anti-Hampel-Regierung-Veranstaltung durchgef\u00fchrt. Download Artikel als PDF<\/p>\n","protected":false},"author":1,"featured_media":0,"comment_status":"closed","ping_status":"closed","sticky":false,"template":"","format":"standard","meta":{"footnotes":""},"categories":[1],"tags":[],"class_list":["post-10622","post","type-post","status-publish","format-standard","hentry","category-allgemein"],"post_mailing_queue_ids":[],"_links":{"self":[{"href":"https:\/\/gilbertbrands.de\/blog\/wp-json\/wp\/v2\/posts\/10622","targetHints":{"allow":["GET"]}}],"collection":[{"href":"https:\/\/gilbertbrands.de\/blog\/wp-json\/wp\/v2\/posts"}],"about":[{"href":"https:\/\/gilbertbrands.de\/blog\/wp-json\/wp\/v2\/types\/post"}],"author":[{"embeddable":true,"href":"https:\/\/gilbertbrands.de\/blog\/wp-json\/wp\/v2\/users\/1"}],"replies":[{"embeddable":true,"href":"https:\/\/gilbertbrands.de\/blog\/wp-json\/wp\/v2\/comments?post=10622"}],"version-history":[{"count":1,"href":"https:\/\/gilbertbrands.de\/blog\/wp-json\/wp\/v2\/posts\/10622\/revisions"}],"predecessor-version":[{"id":10623,"href":"https:\/\/gilbertbrands.de\/blog\/wp-json\/wp\/v2\/posts\/10622\/revisions\/10623"}],"wp:attachment":[{"href":"https:\/\/gilbertbrands.de\/blog\/wp-json\/wp\/v2\/media?parent=10622"}],"wp:term":[{"taxonomy":"category","embeddable":true,"href":"https:\/\/gilbertbrands.de\/blog\/wp-json\/wp\/v2\/categories?post=10622"},{"taxonomy":"post_tag","embeddable":true,"href":"https:\/\/gilbertbrands.de\/blog\/wp-json\/wp\/v2\/tags?post=10622"}],"curies":[{"name":"wp","href":"https:\/\/api.w.org\/{rel}","templated":true}]}}