{"id":10529,"date":"2024-04-16T06:00:00","date_gmt":"2024-04-16T04:00:00","guid":{"rendered":"https:\/\/gilbertbrands.de\/blog\/?p=10529"},"modified":"2024-04-15T11:06:37","modified_gmt":"2024-04-15T09:06:37","slug":"bjoern-hoecke","status":"publish","type":"post","link":"https:\/\/gilbertbrands.de\/blog\/2024\/04\/16\/bjoern-hoecke\/","title":{"rendered":"Bj\u00f6rn H\u00f6cke"},"content":{"rendered":"\n<p>ist ja gesichert rechtsextrem, wobei inzwischen heraus gekommen ist, dass der Verfassungsschmutz keinen blassen Schimmer davon hat, was eigentlich als &#8222;extrem&#8220; zu bezeichnen ist. Zur Zeit laufen 3 Strafanzeigen oder so gegen Herrn H\u00f6cke wegen Verwendung von NS-Sprech. Die Details drum herum sind allerdings am\u00fcsant:<\/p>\n\n\n\n<!--more-->\n\n\n\n<p>So sieht das Gerichtsgeb\u00e4ude aus, in dem die Verhandlungen stattfinden (sollen):<\/p>\n\n\n\n<figure class=\"wp-block-image size-large\"><img loading=\"lazy\" decoding=\"async\" width=\"1024\" height=\"550\" src=\"https:\/\/gilbertbrands.de\/blog\/wp-content\/uploads\/2024\/04\/grafik-3-1024x550.png\" alt=\"\" class=\"wp-image-10530\" srcset=\"https:\/\/gilbertbrands.de\/blog\/wp-content\/uploads\/2024\/04\/grafik-3-1024x550.png 1024w, https:\/\/gilbertbrands.de\/blog\/wp-content\/uploads\/2024\/04\/grafik-3-300x161.png 300w, https:\/\/gilbertbrands.de\/blog\/wp-content\/uploads\/2024\/04\/grafik-3-768x412.png 768w, https:\/\/gilbertbrands.de\/blog\/wp-content\/uploads\/2024\/04\/grafik-3.png 1423w\" sizes=\"auto, (max-width: 1024px) 100vw, 1024px\" \/><\/figure>\n\n\n\n<p>HALT! War da nicht was? Aber sicher doch! So sieht das Tor des ehemaligen KL Buchenwald aus<\/p>\n\n\n\n<figure class=\"wp-block-image\"><img decoding=\"async\" src=\"https:\/\/upload.wikimedia.org\/wikipedia\/commons\/thumb\/3\/30\/MK38041_Buchenwald_Lagertor.jpg\/640px-MK38041_Buchenwald_Lagertor.jpg\" alt=\"https:\/\/upload.wikimedia.org\/wikipedia\/commons\/thumb\/3\/30\/MK38041_Buchenwald_Lagertor.jpg\/640px-MK38041_Buchenwald_Lagertor.jpg\"\/><\/figure>\n\n\n\n<p>und folglich wird die Verwendung von &#8222;Jedem das Seine&#8220;, eigentlich in der Form &#8222;suum cuique&#8220; ein Grundbegriff des Rechts, auch immer wieder von deutschen Gerichten mit l\u00e4ngeren Freiheitsstrafen belegt.<\/p>\n\n\n\n<p>Sollte sich Herr H\u00f6cke nicht revanchieren und das Gerichtsgeb\u00e4ude f\u00fcr 8 Monate einsperren lassen? Samt Inhalt, versteht sich. <\/p>\n","protected":false},"excerpt":{"rendered":"<p>ist ja gesichert rechtsextrem, wobei inzwischen heraus gekommen ist, dass der Verfassungsschmutz keinen blassen Schimmer davon hat, was eigentlich als &#8222;extrem&#8220; zu bezeichnen ist. Zur Zeit laufen 3 Strafanzeigen oder so gegen Herrn H\u00f6cke wegen Verwendung von NS-Sprech. Die Details drum herum sind allerdings am\u00fcsant: Download Artikel als PDF<\/p>\n","protected":false},"author":1,"featured_media":0,"comment_status":"closed","ping_status":"closed","sticky":false,"template":"","format":"standard","meta":{"footnotes":""},"categories":[1],"tags":[],"class_list":["post-10529","post","type-post","status-publish","format-standard","hentry","category-allgemein"],"post_mailing_queue_ids":[],"_links":{"self":[{"href":"https:\/\/gilbertbrands.de\/blog\/wp-json\/wp\/v2\/posts\/10529","targetHints":{"allow":["GET"]}}],"collection":[{"href":"https:\/\/gilbertbrands.de\/blog\/wp-json\/wp\/v2\/posts"}],"about":[{"href":"https:\/\/gilbertbrands.de\/blog\/wp-json\/wp\/v2\/types\/post"}],"author":[{"embeddable":true,"href":"https:\/\/gilbertbrands.de\/blog\/wp-json\/wp\/v2\/users\/1"}],"replies":[{"embeddable":true,"href":"https:\/\/gilbertbrands.de\/blog\/wp-json\/wp\/v2\/comments?post=10529"}],"version-history":[{"count":1,"href":"https:\/\/gilbertbrands.de\/blog\/wp-json\/wp\/v2\/posts\/10529\/revisions"}],"predecessor-version":[{"id":10531,"href":"https:\/\/gilbertbrands.de\/blog\/wp-json\/wp\/v2\/posts\/10529\/revisions\/10531"}],"wp:attachment":[{"href":"https:\/\/gilbertbrands.de\/blog\/wp-json\/wp\/v2\/media?parent=10529"}],"wp:term":[{"taxonomy":"category","embeddable":true,"href":"https:\/\/gilbertbrands.de\/blog\/wp-json\/wp\/v2\/categories?post=10529"},{"taxonomy":"post_tag","embeddable":true,"href":"https:\/\/gilbertbrands.de\/blog\/wp-json\/wp\/v2\/tags?post=10529"}],"curies":[{"name":"wp","href":"https:\/\/api.w.org\/{rel}","templated":true}]}}