{"id":10427,"date":"2024-03-29T06:26:00","date_gmt":"2024-03-29T05:26:00","guid":{"rendered":"https:\/\/gilbertbrands.de\/blog\/?p=10427"},"modified":"2024-03-29T16:37:40","modified_gmt":"2024-03-29T15:37:40","slug":"zu-kurz-gedacht","status":"publish","type":"post","link":"https:\/\/gilbertbrands.de\/blog\/2024\/03\/29\/zu-kurz-gedacht\/","title":{"rendered":"Zu kurz gedacht"},"content":{"rendered":"\n<p>Geht es um Politiker, Journalisten oder sonstige Funktionstr\u00e4ger, ist man schnell und zu Recht mit der Beurteilung dabei, die personifizierte Dummheit oder die personifizierte Unf\u00e4higkeit vor sich zu haben. Manchmal dauert es lange, aber wenn doch jemandem der Kragen platzt, kommt so etwas heraus:<\/p>\n\n\n\n<!--more-->\n\n\n\n<figure class=\"wp-block-embed-youtube wp-block-embed is-type-video is-provider-youtube wp-embed-aspect-16-9 wp-has-aspect-ratio\"><div class=\"wp-block-embed__wrapper\">\nhttps:\/\/youtu.be\/dRKwHsW7ECc?si=iEpVE6l9HFIP690J\n<\/div><\/figure>\n\n\n\n<p>Es lohnt sich m.E., sich das einmal komplett anzuh\u00f6ren, denn es zeigt, dass mit der Beurteilung &#8222;personifizierte Dummheit und Unf\u00e4higkeit&#8220; zu kurz gedacht wird. Man sollte sich einmal genau anh\u00f6ren, was den nicht-blauen Parteig\u00e4ngern da an den Kopf geworfen wird und diese keineswegs zu einem Nachdenken veranlasst, sondern zu w\u00fctendem Geschrei. Diese Leute sind n\u00e4mlich nicht nur dumm und unf\u00e4hig, sie sind vor allen Dingen <strong>abgrundtief b\u00f6sartig<\/strong>. Andere Menschen betrachten sie eher als Abschaum. Sie geh\u00f6ren zu dem Typ Mensch, der unger\u00fchrt neben dem Zug von mit Deportierten \u00fcberf\u00fcllten Viehwaggons in Richtung Osten steht, die Wagen z\u00e4hlt und auf den n\u00e4chsten Zug wartet. Und der sp\u00e4ter mit St\u00f6cken auf die &#8222;Arbeitsunwilligen&#8220; einschl\u00e4gt, die vor Unterern\u00e4hrung und Krankheit zusammen gebrochen sind.<\/p>\n\n\n\n<p>Aber auch der AfD-Kommentator denkt noch nicht weit genug, h\u00f6rt er doch beim lieben Geld auf. 6 ct\/kWh Industriestrom williger Unternehmer bei 40 ct\/kWh f\u00fcr den Rest sind nicht nur nicht finanzierbar. Das ist, wie fast alles andere, was diese Fantasten versprechen, gar nicht lieferbar, weil der Strom in der notwendigen Menge gar nicht zur Verf\u00fcgung steht. Das Gleiche gilt f\u00fcr so ziemlich alles: <strong>es ist nicht nur nicht finanzierbar, es ist auch nicht lieferbar. <\/strong><\/p>\n","protected":false},"excerpt":{"rendered":"<p>Geht es um Politiker, Journalisten oder sonstige Funktionstr\u00e4ger, ist man schnell und zu Recht mit der Beurteilung dabei, die personifizierte Dummheit oder die personifizierte Unf\u00e4higkeit vor sich zu haben. Manchmal dauert es lange, aber wenn doch jemandem der Kragen platzt, kommt so etwas heraus: Download Artikel als PDF<\/p>\n","protected":false},"author":1,"featured_media":0,"comment_status":"closed","ping_status":"closed","sticky":false,"template":"","format":"standard","meta":{"footnotes":""},"categories":[1],"tags":[],"class_list":["post-10427","post","type-post","status-publish","format-standard","hentry","category-allgemein"],"post_mailing_queue_ids":[],"_links":{"self":[{"href":"https:\/\/gilbertbrands.de\/blog\/wp-json\/wp\/v2\/posts\/10427","targetHints":{"allow":["GET"]}}],"collection":[{"href":"https:\/\/gilbertbrands.de\/blog\/wp-json\/wp\/v2\/posts"}],"about":[{"href":"https:\/\/gilbertbrands.de\/blog\/wp-json\/wp\/v2\/types\/post"}],"author":[{"embeddable":true,"href":"https:\/\/gilbertbrands.de\/blog\/wp-json\/wp\/v2\/users\/1"}],"replies":[{"embeddable":true,"href":"https:\/\/gilbertbrands.de\/blog\/wp-json\/wp\/v2\/comments?post=10427"}],"version-history":[{"count":2,"href":"https:\/\/gilbertbrands.de\/blog\/wp-json\/wp\/v2\/posts\/10427\/revisions"}],"predecessor-version":[{"id":10441,"href":"https:\/\/gilbertbrands.de\/blog\/wp-json\/wp\/v2\/posts\/10427\/revisions\/10441"}],"wp:attachment":[{"href":"https:\/\/gilbertbrands.de\/blog\/wp-json\/wp\/v2\/media?parent=10427"}],"wp:term":[{"taxonomy":"category","embeddable":true,"href":"https:\/\/gilbertbrands.de\/blog\/wp-json\/wp\/v2\/categories?post=10427"},{"taxonomy":"post_tag","embeddable":true,"href":"https:\/\/gilbertbrands.de\/blog\/wp-json\/wp\/v2\/tags?post=10427"}],"curies":[{"name":"wp","href":"https:\/\/api.w.org\/{rel}","templated":true}]}}