{"id":10379,"date":"2024-03-23T07:19:00","date_gmt":"2024-03-23T06:19:00","guid":{"rendered":"https:\/\/gilbertbrands.de\/blog\/?p=10379"},"modified":"2024-03-21T09:43:11","modified_gmt":"2024-03-21T08:43:11","slug":"die-sache-mit-der-statistik-2","status":"publish","type":"post","link":"https:\/\/gilbertbrands.de\/blog\/2024\/03\/23\/die-sache-mit-der-statistik-2\/","title":{"rendered":"Die Sache mit der Statistik"},"content":{"rendered":"\n<p><a rel=\"noreferrer noopener\" aria-label=\"NRW-Innenminister Reul (CDU) ist emp\u00f6rt, musste er doch feststellen, dass bei einem Anteil von 15,6% an der Bev\u00f6lkerung 34,9% der Straftaten von Ausl\u00e4ndern begangen werden (\u00f6ffnet in neuem Tab)\" href=\"https:\/\/reitschuster.de\/post\/cdu-innenminister-reul-entdeckt-das-thema-auslaenderkriminalitaet\/\" target=\"_blank\">NRW-Innenminister Reul (CDU) ist emp\u00f6rt, musste er doch feststellen, dass bei einem Anteil von 15,6% an der Bev\u00f6lkerung 34,9% der Straftaten von nicht deutschen T\u00e4ter<\/a><a href=\"https:\/\/reitschuster.de\/post\/cdu-innenminister-reul-entdeckt-das-thema-auslaenderkriminalitaet\/\" target=\"_blank\" rel=\"noreferrer noopener\" aria-label=\"NRW-Innenminister Reul (CDU) ist emp\u00f6rt, musste er doch feststellen, dass bei einem Anteil von 15,6% an der Bev\u00f6lkerung 34,9% der Straftaten von Ausl\u00e4ndern begangen werden (\u00f6ffnet in neuem Tab)\">n<\/a><a rel=\"noreferrer noopener\" aria-label=\"NRW-Innenminister Reul (CDU) ist emp\u00f6rt, musste er doch feststellen, dass bei einem Anteil von 15,6% an der Bev\u00f6lkerung 34,9% der Straftaten von Ausl\u00e4ndern begangen werden (\u00f6ffnet in neuem Tab)\" href=\"https:\/\/reitschuster.de\/post\/cdu-innenminister-reul-entdeckt-das-thema-auslaenderkriminalitaet\/\" target=\"_blank\"> begangen werden<\/a>.<\/p>\n\n\n\n<!--more-->\n\n\n\n<p>Unter &#8222;nicht deutschen T\u00e4tern&#8220; versteht man solche, die keinen deutschen Pass besitzen, d.h. solche mit irgendeinem Migrationshintergrund, aber deutschem Pass, z\u00e4hlen als Deutsche. Was die Statistik schon mal etwas verf\u00e4lscht. Aber sei&#8217;s drum.<\/p>\n\n\n\n<p>1. Punkt: 15,6% sind schon eine ganze Menge, oder? Solche Zahlen werden sonst nur in Touristenhochburgen wie Antalya, Ibiza oder Hurgada erreicht. Bei den 15,6% handelt es sich aber nicht um Touristen. Aber sei&#8217;s drum.<\/p>\n\n\n\n<p>Die Anteile an verschiedenen Straftatbest\u00e4nden belaufen sich auf:<\/p>\n\n\n\n<p>Taschendiebstahl (80,1 Prozent), Ladendiebstahl (47,6 Prozent), Wohnungseinbruchsdiebstahl (47,3 Prozent), Raubdelikten (45,7 Prozent), Straftaten gegen das Leben (41,6 Prozent), gef\u00e4hrliche und schwere K\u00f6rperverletzung (40,3 Prozent) und bei Straftaten gegen die sexuelle Selbstbestimmung mit Gewaltanwendung (37,1 Prozent).<\/p>\n\n\n\n<p>F\u00e4llt was auf? In jeder dieser Kategorien liegt der Anteil deutlich h\u00f6her als die Eingangs genannten 34,9%. Wie kommt man auf niedrige 34,9%, wenn schon in  der kleinsten Kategorie 37,1% zu Buche schlagen?<\/p>\n\n\n\n<p>Nun, da muss man wohl hinzurechnen, dass die Anteile bei Verbaldelikten (die meisten k\u00f6nnen ohnehin kein Deutsch) und anderen eher harmlosen Straftaten bei 0% liegt. Schlussfolgerung:<\/p>\n\n\n\n<ol class=\"wp-block-list\"><li>Die Statistik ist noch wesentlich beschissener, als es den Anschein hat.<\/li><li>Statistik ist ohnehin Schei\u00dfe und sollte verboten werden.<\/li><\/ol>\n\n\n\n<p>Aber sei&#8217;s drum.<\/p>\n","protected":false},"excerpt":{"rendered":"<p>NRW-Innenminister Reul (CDU) ist emp\u00f6rt, musste er doch feststellen, dass bei einem Anteil von 15,6% an der Bev\u00f6lkerung 34,9% der Straftaten von nicht deutschen T\u00e4tern begangen werden. Download Artikel als PDF<\/p>\n","protected":false},"author":1,"featured_media":0,"comment_status":"closed","ping_status":"closed","sticky":false,"template":"","format":"standard","meta":{"footnotes":""},"categories":[1],"tags":[],"class_list":["post-10379","post","type-post","status-publish","format-standard","hentry","category-allgemein"],"post_mailing_queue_ids":[],"_links":{"self":[{"href":"https:\/\/gilbertbrands.de\/blog\/wp-json\/wp\/v2\/posts\/10379","targetHints":{"allow":["GET"]}}],"collection":[{"href":"https:\/\/gilbertbrands.de\/blog\/wp-json\/wp\/v2\/posts"}],"about":[{"href":"https:\/\/gilbertbrands.de\/blog\/wp-json\/wp\/v2\/types\/post"}],"author":[{"embeddable":true,"href":"https:\/\/gilbertbrands.de\/blog\/wp-json\/wp\/v2\/users\/1"}],"replies":[{"embeddable":true,"href":"https:\/\/gilbertbrands.de\/blog\/wp-json\/wp\/v2\/comments?post=10379"}],"version-history":[{"count":1,"href":"https:\/\/gilbertbrands.de\/blog\/wp-json\/wp\/v2\/posts\/10379\/revisions"}],"predecessor-version":[{"id":10380,"href":"https:\/\/gilbertbrands.de\/blog\/wp-json\/wp\/v2\/posts\/10379\/revisions\/10380"}],"wp:attachment":[{"href":"https:\/\/gilbertbrands.de\/blog\/wp-json\/wp\/v2\/media?parent=10379"}],"wp:term":[{"taxonomy":"category","embeddable":true,"href":"https:\/\/gilbertbrands.de\/blog\/wp-json\/wp\/v2\/categories?post=10379"},{"taxonomy":"post_tag","embeddable":true,"href":"https:\/\/gilbertbrands.de\/blog\/wp-json\/wp\/v2\/tags?post=10379"}],"curies":[{"name":"wp","href":"https:\/\/api.w.org\/{rel}","templated":true}]}}