{"id":10151,"date":"2024-01-31T12:32:00","date_gmt":"2024-01-31T11:32:00","guid":{"rendered":"https:\/\/gilbertbrands.de\/blog\/?p=10151"},"modified":"2024-01-28T13:20:10","modified_gmt":"2024-01-28T12:20:10","slug":"meine-meinung","status":"publish","type":"post","link":"https:\/\/gilbertbrands.de\/blog\/2024\/01\/31\/meine-meinung\/","title":{"rendered":"Meine Meinung &#8230;"},"content":{"rendered":"\n<p>Noch vor wenigen Wochen waren mehr als 2\/3 der Bev\u00f6lkerung davon \u00fcberzeugt, dass sie im BeDaZ nicht mehr frei ihre Meinung sagen k\u00f6nnen. Heute finden regierungsgesteuerte Demonstrationen &#8222;gegen Rechts&#8220; statt und die Demonstranten tun dies, damit sie weiter ihre Meinung sagen k\u00f6nnen.<\/p>\n\n\n\n<!--more-->\n\n\n\n<p>Der Verbl\u00f6dungsgrad der Bev\u00f6lkerung, k\u00f6nnte man ihn in \u00b0C messen, d\u00fcrfte wohl inzwischen die f\u00fcr Kernfusion notwendigen Temperaturen erreichen, denn letztlich demonstrieren sie nach ihrer alten \u00dcberzeugung nicht gegen die AfD, sondern gegen die Regierung. Wie geht man mit solchen Leuten um? Und was ist \u00fcberhaupt eine Meinung?<\/p>\n\n\n\n<p><strong>Definition. Eine Meinung ist die Interpretation einer Situation anhand vorliegender Informationen nach gut definierten Regeln unter Nutzung der vorhandenen Freiheitsgrade und pers\u00f6nlicher Pr\u00e4ferenzen.<\/strong><\/p>\n\n\n\n<p>Wenn man mit Leuten diskutieren will, muss man<\/p>\n\n\n\n<ol class=\"wp-block-list\"><li>sich zun\u00e4chst \u00fcber die Situation, also im Wesentlichen das grunds\u00e4tzliche Thema einigen, \u00fcber das man redet;<\/li><li>sicherstellen, dass alle \u00fcber die gleichen Informationen verf\u00fcgen;<\/li><li>sich einigen, nach welchen Regeln diese Informationen miteinander zu abstrakteren Aussagen verkn\u00fcpft werden k\u00f6nnen.<\/li><\/ol>\n\n\n\n<p>Erst dann kann man sich eine Meinung bilden, indem man fehlende Teile erg\u00e4nzt und seine pers\u00f6nlichen Projektionen einbringen. Man muss sich dann nicht einig werden, aber alles d\u00fcrfte weitgehend stressfrei ablaufen.<\/p>\n\n\n\n<p>In der Regel kann man sich heute mit Leuten, die &#8222;ihre Meinung&#8220; vertreten, weder \u00fcber 2. noch \u00fcber 3. einigen und oft genug inzwischen auch kaum noch \u00fcber 1. Um es deutlich zu sagen: solche Leute haben keine Meinung, sondern einen Glauben oder eine Ideologie und sind einfach verbohrt und dumm. Was an der Frage nichts \u00e4ndert, wie man mit solchen Genossen umgeht.<\/p>\n\n\n\n<p>Eins ist absolut sicher: Fakten oder Lehren n\u00fctzen \u00fcberhaupt nichts, egal in welcher Form sie vorgetragen werden, ob nun sachlich oder als Beschimpfung oder mit einem Kn\u00fcppel, um ihnen etwas aus dem Kopf zu schlagen. Trotzdem kommt man oft nicht darum herum, mit solchen Gestalten zu reden, wobei es heute schnell passiert, dass man zu irgendeinem woken Thema zur Rede gestellt wird und sich rechtfertigen soll. An der Stelle knicken dann viele Leute ein und reden den Fanatikern eher nach dem Mund, um einem Shitstorm zu entgehen, wenn man widerspricht. Oft ist das nicht notwendig.<\/p>\n\n\n\n<p>Zur Rede gestellt bedeutet, man wird gefragt &#8222;Haben Sie &#8230;.?&#8220; oder etwas \u00e4hnliches. Was da gefragt wird, ist in der Regel diffus, so dass der Gefragte anf\u00e4ngt, zu erkl\u00e4ren &#8222;ja, also, dazu &#8230;&#8220;. Falsch! Dann ist er schon in die Falle getappt. Richtige Antworten auf diesen Fragetyp sind<\/p>\n\n\n\n<p class=\"has-text-align-center\">JA &#8211; NEIN (- VIELLEICHT)<\/p>\n\n\n\n<p>Ein einfaches JA oder NEIN verwirrt, denn die Erkl\u00e4rung, an der einen der Gegner festmachen will, fehlt. W\u00fcrde man sich zu weit festlegen, beispielsweise auf die Frage &#8222;Gehen Sie am Sonntag auf der Demo gegen Rechts mit?&#8220;, gen\u00fcgt auch ein &#8222;vielleicht&#8220;. Ist die Frage schon mehrteilig gestellt, ist auch eine Kombination wie<\/p>\n\n\n\n<p class=\"has-text-align-center\">Ja. Nein. Ja. Ja.<\/p>\n\n\n\n<p>hilfreich, denn oft hat der Frager dann bereits den Faden verloren. Das Ganze soll ohnehin nur provozieren, dass ein anderer Typ von Frage gestellt wird, n\u00e4mlich eine W-Frage (Wer, wie, wann, warum, wieso, weswegen, &#8230;). Die kann n\u00e4mlich nicht mit JA oder NEIN beantwortet werden, sondern muss ausf\u00fchrlicher begr\u00fcndet sein.<\/p>\n\n\n\n<p>Nur sollte man diese Frage nicht beantworten, sondern mit einer Gegenfrage gleichen Typs kontern. Das funktioniert auch schon im ersten Fall, wenn geeignete Fragen gestellt werden. Z.B. &#8222;Gehen Sie am Sonntag auf der Demo gegen Rechts mit?&#8220; kann mit &#8222;Was meinen Sie mit &#8218;Rechts&#8216;?&#8220; gekontert werden, &#8222;Na, gegen die AfD!&#8220; &#8211; &#8222;Warum gegen die AfD?&#8220; &#8211; &#8222;Weil die rechtsextrem ist!&#8220; &#8211; &#8222;Was meinen Sie mit &#8218;rechtsextrem&#8216;?&#8220; &#8230; Irgendeinen unscharfen Begriff enth\u00e4lt die Einlassung des Gegen\u00fcbers schon, oder eine Unklarheit, weshalb etwas auf genau eine bestimmte Gruppe angewendet werden soll, wo etwas herkommt, usw. Jede Frage oder Antwort f\u00fchrt zu einer weiteren W-Frage. <\/p>\n\n\n\n<p>Kommt nur eine W-Frage wie &#8222;Warum?&#8220;, eignet sich als Antwort &#8222;Warum was?&#8220; und wiederum ist der andere an der Reihe, sich auszukotzen. Das Ziel der Operation ist klar. Wie schon das<\/p>\n\n\n\n<p><strong>Bohlensche Axiom. Einem Bekloppten kann man nicht vermitteln, das er bekloppt ist.<\/strong><\/p>\n\n\n\n<p>aussagt, wird man verbohrte Ideologen nicht \u00fcberzeugen k\u00f6nnen. Durch geschicktes Ausweichen auf Fragen wird man aber erreichen k\u00f6nnen, dass<\/p>\n\n\n\n<ul class=\"wp-block-list\"><li>man nicht seine Gegenteilige Ansicht darlegen muss, was die Gefahr sozialer Distanzierung mit sich bringt, weil man eben dem woken Thema kritisch gegen\u00fcber steht, aber<\/li><li>man auch nicht dem woken Bl\u00f6dsinn gegen seine eigene Einstellung zustimmen muss,um seine Ruhe zu haben.<\/li><\/ul>\n\n\n\n<p>Der Frager wird sauer sein, weil er nicht weiter kommt, und wird vermutlich noch nicht mal richtig begreifen, warum nicht, und seine woken Anh\u00e4nger k\u00f6nnen sich kein abschlie\u00dfendes Urteil bilden oder werden gar ihren eigenen Kumpel etwas dissen.<\/p>\n\n\n\n<p>Mehr kann man heute wohl nicht mehr erreichen.<\/p>\n","protected":false},"excerpt":{"rendered":"<p>Noch vor wenigen Wochen waren mehr als 2\/3 der Bev\u00f6lkerung davon \u00fcberzeugt, dass sie im BeDaZ nicht mehr frei ihre Meinung sagen k\u00f6nnen. Heute finden regierungsgesteuerte Demonstrationen &#8222;gegen Rechts&#8220; statt und die Demonstranten tun dies, damit sie weiter ihre Meinung sagen k\u00f6nnen. Download Artikel als PDF<\/p>\n","protected":false},"author":1,"featured_media":0,"comment_status":"closed","ping_status":"closed","sticky":false,"template":"","format":"standard","meta":{"footnotes":""},"categories":[1],"tags":[],"class_list":["post-10151","post","type-post","status-publish","format-standard","hentry","category-allgemein"],"post_mailing_queue_ids":[],"_links":{"self":[{"href":"https:\/\/gilbertbrands.de\/blog\/wp-json\/wp\/v2\/posts\/10151","targetHints":{"allow":["GET"]}}],"collection":[{"href":"https:\/\/gilbertbrands.de\/blog\/wp-json\/wp\/v2\/posts"}],"about":[{"href":"https:\/\/gilbertbrands.de\/blog\/wp-json\/wp\/v2\/types\/post"}],"author":[{"embeddable":true,"href":"https:\/\/gilbertbrands.de\/blog\/wp-json\/wp\/v2\/users\/1"}],"replies":[{"embeddable":true,"href":"https:\/\/gilbertbrands.de\/blog\/wp-json\/wp\/v2\/comments?post=10151"}],"version-history":[{"count":1,"href":"https:\/\/gilbertbrands.de\/blog\/wp-json\/wp\/v2\/posts\/10151\/revisions"}],"predecessor-version":[{"id":10152,"href":"https:\/\/gilbertbrands.de\/blog\/wp-json\/wp\/v2\/posts\/10151\/revisions\/10152"}],"wp:attachment":[{"href":"https:\/\/gilbertbrands.de\/blog\/wp-json\/wp\/v2\/media?parent=10151"}],"wp:term":[{"taxonomy":"category","embeddable":true,"href":"https:\/\/gilbertbrands.de\/blog\/wp-json\/wp\/v2\/categories?post=10151"},{"taxonomy":"post_tag","embeddable":true,"href":"https:\/\/gilbertbrands.de\/blog\/wp-json\/wp\/v2\/tags?post=10151"}],"curies":[{"name":"wp","href":"https:\/\/api.w.org\/{rel}","templated":true}]}}