{"id":10,"date":"2015-08-17T08:09:11","date_gmt":"2015-08-17T06:09:11","guid":{"rendered":"http:\/\/gilbertbrands.de\/blog\/?p=10"},"modified":"2015-08-18T10:21:14","modified_gmt":"2015-08-18T08:21:14","slug":"kulturelle-uebereinstimmung","status":"publish","type":"post","link":"https:\/\/gilbertbrands.de\/blog\/2015\/08\/17\/kulturelle-uebereinstimmung\/","title":{"rendered":"Kulturelle \u00dcbereinstimmung"},"content":{"rendered":"<p>Fl\u00fcchtlinge verschiedenster Art &#8211; aus politischen Gr\u00fcnden oft mit der Oberkategorie &#8222;Migranten&#8220; belegt &#8211; \u00fcberschwemmen derzeit Europa. Wer sich jetzt an der Vokabel &#8222;\u00dcberschwemmung&#8220; echauffiert und sofort die Rassismuskarte ziehen will, der m\u00f6ge sich zun\u00e4chst einmal n\u00e4her mit dem begrifflichen Inhalt besch\u00e4ftigen. <!--more-->\u00dcberschwemmung charakterisiert einen Zustand, in dem normale Regelma\u00dfnahmen nicht mehr greifen und die ankommende Flut Gebiete belegt, die f\u00fcr eine anderweitige Nutzung vorgesehen sind und durch ihre Belegung den Normalbetrieb st\u00f6ren. Fl\u00fcchtlinge in Zelten, weil absehbar kein Wohnraum mehr zur Verf\u00fcgung steht; Fl\u00fcchtling in Stadien wie in Griechenland oder Sizilien, weil ihre Anzahl die der normalen Bev\u00f6lkerung um ein Vielfaches \u00fcbersteigt; Fl\u00fcchtlinge &#8222;vor\u00fcbergehend zum \u00dcbergang&#8220; in Schulen mit Nutzung von Schwimmb\u00e4dern als sanit\u00e4re Einrichtung, und schon wird die Sinnhaftigkeit des Sportunterrichts diskutiert, da an &#8222;vor\u00fcbergehend&#8220; nicht zu denken ist; Diskussion von Beschlagnahmung privaten Gutes zur Unterbringung von Fl\u00fcchtlingen &#8211; das alles erf\u00fcllt die Bedingungen f\u00fcr die Nutzung der Vokabel &#8222;\u00dcberschwemmung&#8220;.<\/p>\n<p>&#8222;Europa und insbesondere Deutschland k\u00f6nne sich das leisten&#8220; t\u00f6nt es vollmundig aus den M\u00fcndern der Politiker und der Presse. Die Stimmung der Bev\u00f6lkerung in den \u00dcberschwemmungsgebieten ist weniger euphorisch &#8211; auch eine Gemeinsamkeit mit wasserbedingten \u00dcberschwemmungen. Deshalb wird \u00fcberaus kr\u00e4ftig in den Medien an dem Thema<\/p>\n<p style=\"text-align: center;\"><strong>Wir m\u00fcssen unsere Willkommenskultur verbessern!<\/strong><\/p>\n<p>gearbeitet. Die Parole: alle Fl\u00fcchtlinge m\u00fcssen uns willkommen sein. So willkommen, dass man den Zugang nach Europa doch bitte erleichtern soll.<\/p>\n<p>Wenn schon Mohammed-Karikaturen im weltbekannten Lokalblatt Jyllands Posten im letzten Dorf des Kongo bekannt werden, dann kann man auch erwarten, dass diese &#8222;wir-nehmen-jeden&#8220;-Propaganda der gesamten deutschen Medienlandschaft dort ebenfalls registriert wird. Das schafft kulturelle Gemeinsamkeiten, denn zu der Willkommenskultur in Deutschland bildet sich \u00fcberall eine ausgepr\u00e4gte<\/p>\n<p style=\"text-align: center;\"><em><strong>will-kommen-Kultur<\/strong><\/em><\/p>\n<p>aus (am fehlenden &#8222;s&#8220; soll es nicht scheitern, oder). Damit haben wir verbal eine gemeinsame kulturelle Basis mit Fl\u00fcchtlingen aus aller Welt, und an dem fehlenden &#8222;s&#8220; kann man im Rahmen der n\u00e4chsten Rechtschreibreform arbeiten. Ist ein gemeinsamer kultureller Aspekt kein Argument f\u00fcr die weitere Aufnahme von Fl\u00fcchtlingen?<\/p>\n","protected":false},"excerpt":{"rendered":"<p>Fl\u00fcchtlinge verschiedenster Art &#8211; aus politischen Gr\u00fcnden oft mit der Oberkategorie &#8222;Migranten&#8220; belegt &#8211; \u00fcberschwemmen derzeit Europa. Wer sich jetzt an der Vokabel &#8222;\u00dcberschwemmung&#8220; echauffiert und sofort die Rassismuskarte ziehen will, der m\u00f6ge sich zun\u00e4chst einmal n\u00e4her mit dem begrifflichen Inhalt besch\u00e4ftigen. Download Artikel als PDF<\/p>\n","protected":false},"author":1,"featured_media":0,"comment_status":"open","ping_status":"open","sticky":false,"template":"","format":"standard","meta":{"footnotes":""},"categories":[4],"tags":[],"class_list":["post-10","post","type-post","status-publish","format-standard","hentry","category-migration"],"post_mailing_queue_ids":[],"_links":{"self":[{"href":"https:\/\/gilbertbrands.de\/blog\/wp-json\/wp\/v2\/posts\/10","targetHints":{"allow":["GET"]}}],"collection":[{"href":"https:\/\/gilbertbrands.de\/blog\/wp-json\/wp\/v2\/posts"}],"about":[{"href":"https:\/\/gilbertbrands.de\/blog\/wp-json\/wp\/v2\/types\/post"}],"author":[{"embeddable":true,"href":"https:\/\/gilbertbrands.de\/blog\/wp-json\/wp\/v2\/users\/1"}],"replies":[{"embeddable":true,"href":"https:\/\/gilbertbrands.de\/blog\/wp-json\/wp\/v2\/comments?post=10"}],"version-history":[{"count":3,"href":"https:\/\/gilbertbrands.de\/blog\/wp-json\/wp\/v2\/posts\/10\/revisions"}],"predecessor-version":[{"id":19,"href":"https:\/\/gilbertbrands.de\/blog\/wp-json\/wp\/v2\/posts\/10\/revisions\/19"}],"wp:attachment":[{"href":"https:\/\/gilbertbrands.de\/blog\/wp-json\/wp\/v2\/media?parent=10"}],"wp:term":[{"taxonomy":"category","embeddable":true,"href":"https:\/\/gilbertbrands.de\/blog\/wp-json\/wp\/v2\/categories?post=10"},{"taxonomy":"post_tag","embeddable":true,"href":"https:\/\/gilbertbrands.de\/blog\/wp-json\/wp\/v2\/tags?post=10"}],"curies":[{"name":"wp","href":"https:\/\/api.w.org\/{rel}","templated":true}]}}